{"id":171429,"date":"2018-01-26T12:25:43","date_gmt":"2018-01-26T12:25:43","guid":{"rendered":"http:\/\/diariodominicano.ddns.net\/?p=171429"},"modified":"2018-01-26T12:25:43","modified_gmt":"2018-01-26T12:25:43","slug":"hipolito-mejia-resalta-la-necesidad-de-reafirmar-codigo-de-conducta-moral-y-patriotica-de-juan-pablo-duarte","status":"publish","type":"post","link":"https:\/\/diariodominicano.com\/?p=171429","title":{"rendered":"Hip\u00f3lito Mej\u00eda resalta la necesidad de reafirmar c\u00f3digo de conducta moral y patri\u00f3tica de Juan Pablo Duarte"},"content":{"rendered":"<p><body><\/p>\n<p><img decoding=\"async\" src=\"img3\/Hipolito26.jpg\" \/>  <\/p>\n<p>Santo Domingo, R. D., 26 de enero, 2018.- El ex expresidente Hip\u00f3lito Mej\u00eda consider\u00f3 necesario reafirmar que el mejor homenaje a la memoria del Patricio Juan Pablo Duarte es reafirmar su c\u00f3digo de conducta de hombre honrado a toda prueba y de acendrado amor a la Patria.<\/p>\n<\/p>\n<p>En su mensaje con motivo de la conmemoraci\u00f3n de un nuevo aniversario del natalicio del padre de la patria, el ex mandatario resalta \u00bb Este nuevo aniversario de tu nacimiento nos encuentra en medio de un ataque constante contra tu gesta, contra tu personalidad, contra tu desprendimiento, contra tu honestidad, contra tu decisiva voluntad de independencia que te llev\u00f3 al sacrificio de tu fortuna y tu juventud, frente a las ambiciones bastardas de los hombres que condenan a los seres superiores, a los desprendidos, a los que luchan por los dem\u00e1s de manera honesta, desprendida y constante\u00bb <\/p>\n<\/p>\n<p>A continuaci\u00f3n, el texto \u00edntegro del mensaje del ex presidente Hip\u00f3lito Mej\u00eda con motivo del nuevo aniversario del nacimiento del Patricio Juan Pablo Duarte.<\/p>\n<\/p>\n<p>\u00abEste nuevo aniversario de tu nacimiento nos encuentra en medio de un ataque constante contra tu gesta, contra tu personalidad, contra tu desprendimiento, contra tu honestidad, contra tu decisiva voluntad de independencia que te llev\u00f3 al sacrificio de tu fortuna y tu juventud, frente a las ambiciones bastardas de los hombres que condenan a los seres superiores, a los desprendidos, a los que luchan por los dem\u00e1s de manera honesta, desprendida y constante.<\/p>\n<\/p>\n<p>\u00abPor eso debemos demostrar que se puede y se debe reafirmar tu c\u00f3digo de conducta de hombre honrado a toda prueba y de acendrado amor a la Patria, de ah\u00ed que el mejor homenaje a tu memoria es imitarte, vivir como t\u00fa\u00bb.<\/p>\n<\/p>\n<p>Fuente: Andres Matos<\/p>\n<h6> 2018-01-26 12:25:43 <\/h6>\n<p><!--\n<link rel=\"stylesheet\" href=\"css\/bootstrap.min.css\">\n\n\n<ul class=\"pagination\">\n\t    \n\t\n\n<li >\n\t<a href='?page_no=6735'>Previous<\/a>\n\t<\/li>\n\n\n       \n    \n\n<li><a href='?page_no=1'>1<\/a><\/li>\n\n\n\n<li><a href='?page_no=2'>2<\/a><\/li>\n\n\n\n<li><a>...<\/a><\/li>\n\n\n\n<li><a href='?page_no=6734'>6734<\/a><\/li>\n\n\n\n<li><a href='?page_no=6735'>6735<\/a><\/li>\n\n\n\n<li class='active'><a>6736<\/a><\/li>\n\n\n\n<li><a href='?page_no=6737'>6737<\/a><\/li>\n\n\n\n<li><a href='?page_no=6738'>6738<\/a><\/li>\n\n\n\n<li><a>...<\/a><\/li>\n\n\n\n<li><a href='?page_no=36999'>36999<\/a><\/li>\n\n\n\n<li><a href='?page_no=37000'>37000<\/a><\/li>\n\n    \n\t\n\n<li >\n\t<a href='?page_no=6737'>Next<\/a>\n\t<\/li>\n\n\n    \n\n<li><a href='?page_no=37000'>Last &rsaquo;&rsaquo;<\/a><\/li>\n\n<\/ul>\n\n\n--><br \/>\n<\/body><\/p>\n","protected":false},"excerpt":{"rendered":"<p>Santo Domingo, R. D., 26 de enero, 2018.- El ex expresidente Hip\u00f3lito Mej\u00eda consider\u00f3 necesario reafirmar que el mejor homenaje a la memoria del Patricio Juan Pablo Duarte es reafirmar su c\u00f3digo de conducta de hombre honrado a toda prueba y de acendrado amor a la Patria. En su mensaje con motivo de la conmemoraci\u00f3n [&hellip;]<\/p>\n","protected":false},"author":3,"featured_media":0,"comment_status":"open","ping_status":"open","sticky":false,"template":"","format":"standard","meta":{"footnotes":""},"categories":[22],"tags":[],"class_list":["post-171429","post","type-post","status-publish","format-standard","hentry","category-politica"],"_links":{"self":[{"href":"https:\/\/diariodominicano.com\/index.php?rest_route=\/wp\/v2\/posts\/171429","targetHints":{"allow":["GET"]}}],"collection":[{"href":"https:\/\/diariodominicano.com\/index.php?rest_route=\/wp\/v2\/posts"}],"about":[{"href":"https:\/\/diariodominicano.com\/index.php?rest_route=\/wp\/v2\/types\/post"}],"author":[{"embeddable":true,"href":"https:\/\/diariodominicano.com\/index.php?rest_route=\/wp\/v2\/users\/3"}],"replies":[{"embeddable":true,"href":"https:\/\/diariodominicano.com\/index.php?rest_route=%2Fwp%2Fv2%2Fcomments&post=171429"}],"version-history":[{"count":0,"href":"https:\/\/diariodominicano.com\/index.php?rest_route=\/wp\/v2\/posts\/171429\/revisions"}],"wp:attachment":[{"href":"https:\/\/diariodominicano.com\/index.php?rest_route=%2Fwp%2Fv2%2Fmedia&parent=171429"}],"wp:term":[{"taxonomy":"category","embeddable":true,"href":"https:\/\/diariodominicano.com\/index.php?rest_route=%2Fwp%2Fv2%2Fcategories&post=171429"},{"taxonomy":"post_tag","embeddable":true,"href":"https:\/\/diariodominicano.com\/index.php?rest_route=%2Fwp%2Fv2%2Ftags&post=171429"}],"curies":[{"name":"wp","href":"https:\/\/api.w.org\/{rel}","templated":true}]}}