{"id":171428,"date":"2018-01-26T12:51:12","date_gmt":"2018-01-26T12:51:12","guid":{"rendered":"http:\/\/diariodominicano.ddns.net\/?p=171428"},"modified":"2018-01-26T12:51:12","modified_gmt":"2018-01-26T12:51:12","slug":"juan-bosch-en-la-fundacion-del-pld-procedio-con-la-idea-de-terminar-la-obra-que-inicio-juan-pablo-duarte","status":"publish","type":"post","link":"https:\/\/diariodominicano.com\/?p=171428","title":{"rendered":"Juan Bosch en la fundaci\u00f3n del PLD procedi\u00f3 con la idea de terminar la obra que inici\u00f3 Juan Pablo Duarte"},"content":{"rendered":"<p><body><\/p>\n<p><img decoding=\"async\" src=\"img3\/boshc1.jpg\" \/>  <\/p>\n<p>En el  205 aniversario del nacimiento del patricio Juan Pablo Duarte, el Partido de la Liberaci\u00f3n Dominicana (PLD) cita a su fundador y l\u00edder hist\u00f3rico, Profesor Juan Bosch quien en un escrito consider\u00f3 al Padre de la Patria como un Hombre de Fe.<\/p>\n<\/p>\n<p>\u00abSolo quien tuviera una fe de esas que mueven monta\u00f1as pod\u00eda pensar que con una base humana tan escu\u00e1lida pod\u00eda llevarse a cabo una lucha que culminara en la fundaci\u00f3n de un nuevo Estado en la Am\u00e9rica Latina\u00bb escribi\u00f3 Juan Bosch en un art\u00edculo en Vanguardia del Pueblo en el a\u00f1o 1983.<\/p>\n<\/p>\n<p>Adem\u00e1s de fe, el Profesor Juan Bosch destac\u00f3 la capacidad de Duarte para reclutar y organizar seres humanos y para percibir quienes pod\u00edan ejecutar los actos que conducir\u00edan a la creaci\u00f3n del Estado que \u00e9l hab\u00eda concebido.<\/p>\n<\/p>\n<p>\u00abFue Juan Pablo Duarte quien ido como deb\u00eda quedar organizada y como deb\u00eda funcionar La Trinitaria, y fue \u00e9l quien atino a darse cuenta de que entre los escasos pobladores de Santo Domingo de Guzm\u00e1n hab\u00eda hombres como Francisco del Rosario S\u00e1nchez y Mat\u00edas Ram\u00f3n Mella, que adem\u00e1s de sentimientos patri\u00f3ticos ten\u00edan las condiciones necesarias para convertir en hechos un sue\u00f1o que parec\u00eda irrealizable\u00bb escribi\u00f3 Juan Bosch.<\/p>\n<\/p>\n<p>De los archivos del \u00e1rea de documentaci\u00f3n del PLD se retom\u00f3 este art\u00edculo y se coloc\u00f3 en el portal en Internet www.pld.org.do para su relectura y estudio.<\/p>\n<\/p>\n<p>En un despacho de su Secretaria de Comunicaciones el Partido de la Liberaci\u00f3n Dominicana suscribe el mensaje emitido por el Presidente de la Republica, Danilo Medina, miembro de su Comit\u00e9 Pol\u00edtico quien en un escrito expres\u00f3  tributo de respeto, admiraci\u00f3n y gratitud al patricio Juan Pablo Duarte.<\/p>\n<\/p>\n<p>Al quedar fundado el PLD el 15 de diciembre 1973, en el curso del congreso con el nombre de Juan Pablo Duarte,  Juan Bosch  dijo que aspira a terminar la obra el patricio comenz\u00f3 cuando jurament\u00f3 a los componentes de la c\u00e9lula inicial de La Trinitaria: \u00abEl PLD se propone terminar la obra que empez\u00f3? Juan Pablo Duarte\u00bb, dijo.<\/p>\n<h6> 2018-01-26 12:51:12 <\/h6>\n<p><!--\n<link rel=\"stylesheet\" href=\"css\/bootstrap.min.css\">\n\n\n<ul class=\"pagination\">\n\t    \n\t\n\n<li >\n\t<a href='?page_no=6734'>Previous<\/a>\n\t<\/li>\n\n\n       \n    \n\n<li><a href='?page_no=1'>1<\/a><\/li>\n\n\n\n<li><a href='?page_no=2'>2<\/a><\/li>\n\n\n\n<li><a>...<\/a><\/li>\n\n\n\n<li><a href='?page_no=6733'>6733<\/a><\/li>\n\n\n\n<li><a href='?page_no=6734'>6734<\/a><\/li>\n\n\n\n<li class='active'><a>6735<\/a><\/li>\n\n\n\n<li><a href='?page_no=6736'>6736<\/a><\/li>\n\n\n\n<li><a href='?page_no=6737'>6737<\/a><\/li>\n\n\n\n<li><a>...<\/a><\/li>\n\n\n\n<li><a href='?page_no=36999'>36999<\/a><\/li>\n\n\n\n<li><a href='?page_no=37000'>37000<\/a><\/li>\n\n    \n\t\n\n<li >\n\t<a href='?page_no=6736'>Next<\/a>\n\t<\/li>\n\n\n    \n\n<li><a href='?page_no=37000'>Last &rsaquo;&rsaquo;<\/a><\/li>\n\n<\/ul>\n\n\n--><br \/>\n<\/body><\/p>\n","protected":false},"excerpt":{"rendered":"<p>En el 205 aniversario del nacimiento del patricio Juan Pablo Duarte, el Partido de la Liberaci\u00f3n Dominicana (PLD) cita a su fundador y l\u00edder hist\u00f3rico, Profesor Juan Bosch quien en un escrito consider\u00f3 al Padre de la Patria como un Hombre de Fe. \u00abSolo quien tuviera una fe de esas que mueven monta\u00f1as pod\u00eda pensar [&hellip;]<\/p>\n","protected":false},"author":3,"featured_media":0,"comment_status":"open","ping_status":"open","sticky":false,"template":"","format":"standard","meta":{"footnotes":""},"categories":[22],"tags":[],"class_list":["post-171428","post","type-post","status-publish","format-standard","hentry","category-politica"],"_links":{"self":[{"href":"https:\/\/diariodominicano.com\/index.php?rest_route=\/wp\/v2\/posts\/171428","targetHints":{"allow":["GET"]}}],"collection":[{"href":"https:\/\/diariodominicano.com\/index.php?rest_route=\/wp\/v2\/posts"}],"about":[{"href":"https:\/\/diariodominicano.com\/index.php?rest_route=\/wp\/v2\/types\/post"}],"author":[{"embeddable":true,"href":"https:\/\/diariodominicano.com\/index.php?rest_route=\/wp\/v2\/users\/3"}],"replies":[{"embeddable":true,"href":"https:\/\/diariodominicano.com\/index.php?rest_route=%2Fwp%2Fv2%2Fcomments&post=171428"}],"version-history":[{"count":0,"href":"https:\/\/diariodominicano.com\/index.php?rest_route=\/wp\/v2\/posts\/171428\/revisions"}],"wp:attachment":[{"href":"https:\/\/diariodominicano.com\/index.php?rest_route=%2Fwp%2Fv2%2Fmedia&parent=171428"}],"wp:term":[{"taxonomy":"category","embeddable":true,"href":"https:\/\/diariodominicano.com\/index.php?rest_route=%2Fwp%2Fv2%2Fcategories&post=171428"},{"taxonomy":"post_tag","embeddable":true,"href":"https:\/\/diariodominicano.com\/index.php?rest_route=%2Fwp%2Fv2%2Ftags&post=171428"}],"curies":[{"name":"wp","href":"https:\/\/api.w.org\/{rel}","templated":true}]}}