{"id":171426,"date":"2018-01-26T13:12:59","date_gmt":"2018-01-26T13:12:59","guid":{"rendered":"http:\/\/diariodominicano.ddns.net\/?p=171426"},"modified":"2018-01-26T13:12:59","modified_gmt":"2018-01-26T13:12:59","slug":"alcaldia-los-alcarrizos-se-suma-a-campana-mundial-reduccion-de-desastres","status":"publish","type":"post","link":"https:\/\/diariodominicano.com\/?p=171426","title":{"rendered":"Alcald\u00eda Los Alcarrizos se suma a campa\u00f1a mundial reducci\u00f3n de desastres"},"content":{"rendered":"<p><body><\/p>\n<p><img decoding=\"async\" src=\"img3\/alcaldis.jpg\" \/>  <\/p>\n<p>Tulio S\u00e1nchez <\/p>\n<\/p>\n<p>El ayuntamiento municipal de Los Alcarrizos realizo un encuentro con las dem\u00e1s autoridades locales  para el llenado de la herramienta de participaci\u00f3n en el programa Desarrollando ciudades Recibientes, y el lema: \u00a1\u00a1\u00a1Mi ciudad se est\u00e1 preparando!!!!<\/p>\n<\/p>\n<p>El evento, que se realiz\u00f3 en el  sal\u00f3n de actos del palacio municipal local,  se enmarca dentro del marco de la campa\u00f1a  mundial  para la reducci\u00f3n  de desastres naturales 2015-2020, le cual est\u00e1 auspiciado por la Oficina  de Las Naciones Unidas para la Reducci\u00f3n  de Riesgos  de desastres (UNISDR).<\/p>\n<\/p>\n<p>De acuerdo al alcalde municipal Junior Santos, quien encabez\u00f3 dicho encuentro, la instituci\u00f3n  como tal, tiene el compromiso y la responsabilidad de implementar acciones para el aumento de la resiliencia  en los espacios locales como parte de una urbanizaci\u00f3n sostenible.<\/p>\n<\/p>\n<p>Sostuvo que esta demarcaci\u00f3n se inscribe en los protocolos internacionales para ofrecer apoyo  y para difundir  los \u00e9xitos alcanzados, por lo que brindaran los espacios necesarios para aprender y reunirse , y buscara incidir en las instancias decisorias de cada nivel.<\/p>\n<\/p>\n<p>El evento fue coordinado por, Simeona de la Cruz, encargada de Gesti\u00f3n de Riesgos Relaciones Interinstitucionales de la alcald\u00eda, y estuvieron  Basilio Mart\u00ednez, en representaci\u00f3n  del gobernador de la provincia Santo Domingo, Rafael de Los Santos por EDESUR, la regidora Maritza Mart\u00ednez, por el Consejo de Regidores.<\/p>\n<\/p>\n<p>Tambi\u00e9n participaron  la Ingeniera Yocasta Carela, directora de Obras P\u00fablicas y Planeamiento Urbano del cabildo, representantes del Cuerpo de Bomberos, Defensa Civil, dirigentes  representantes de las diversas rutas del transporte del municipio, entre otras personalidades.<\/p>\n<h6> 2018-01-26 13:12:59 <\/h6>\n<p><!--\n<link rel=\"stylesheet\" href=\"css\/bootstrap.min.css\">\n\n\n<ul class=\"pagination\">\n\t    \n\t\n\n<li >\n\t<a href='?page_no=6732'>Previous<\/a>\n\t<\/li>\n\n\n       \n    \n\n<li><a href='?page_no=1'>1<\/a><\/li>\n\n\n\n<li><a href='?page_no=2'>2<\/a><\/li>\n\n\n\n<li><a>...<\/a><\/li>\n\n\n\n<li><a href='?page_no=6731'>6731<\/a><\/li>\n\n\n\n<li><a href='?page_no=6732'>6732<\/a><\/li>\n\n\n\n<li class='active'><a>6733<\/a><\/li>\n\n\n\n<li><a href='?page_no=6734'>6734<\/a><\/li>\n\n\n\n<li><a href='?page_no=6735'>6735<\/a><\/li>\n\n\n\n<li><a>...<\/a><\/li>\n\n\n\n<li><a href='?page_no=36999'>36999<\/a><\/li>\n\n\n\n<li><a href='?page_no=37000'>37000<\/a><\/li>\n\n    \n\t\n\n<li >\n\t<a href='?page_no=6734'>Next<\/a>\n\t<\/li>\n\n\n    \n\n<li><a href='?page_no=37000'>Last &rsaquo;&rsaquo;<\/a><\/li>\n\n<\/ul>\n\n\n--><br \/>\n<\/body><\/p>\n","protected":false},"excerpt":{"rendered":"<p>Tulio S\u00e1nchez El ayuntamiento municipal de Los Alcarrizos realizo un encuentro con las dem\u00e1s autoridades locales para el llenado de la herramienta de participaci\u00f3n en el programa Desarrollando ciudades Recibientes, y el lema: \u00a1\u00a1\u00a1Mi ciudad se est\u00e1 preparando!!!! El evento, que se realiz\u00f3 en el sal\u00f3n de actos del palacio municipal local, se enmarca dentro [&hellip;]<\/p>\n","protected":false},"author":3,"featured_media":0,"comment_status":"open","ping_status":"open","sticky":false,"template":"","format":"standard","meta":{"footnotes":""},"categories":[22],"tags":[],"class_list":["post-171426","post","type-post","status-publish","format-standard","hentry","category-politica"],"_links":{"self":[{"href":"https:\/\/diariodominicano.com\/index.php?rest_route=\/wp\/v2\/posts\/171426","targetHints":{"allow":["GET"]}}],"collection":[{"href":"https:\/\/diariodominicano.com\/index.php?rest_route=\/wp\/v2\/posts"}],"about":[{"href":"https:\/\/diariodominicano.com\/index.php?rest_route=\/wp\/v2\/types\/post"}],"author":[{"embeddable":true,"href":"https:\/\/diariodominicano.com\/index.php?rest_route=\/wp\/v2\/users\/3"}],"replies":[{"embeddable":true,"href":"https:\/\/diariodominicano.com\/index.php?rest_route=%2Fwp%2Fv2%2Fcomments&post=171426"}],"version-history":[{"count":0,"href":"https:\/\/diariodominicano.com\/index.php?rest_route=\/wp\/v2\/posts\/171426\/revisions"}],"wp:attachment":[{"href":"https:\/\/diariodominicano.com\/index.php?rest_route=%2Fwp%2Fv2%2Fmedia&parent=171426"}],"wp:term":[{"taxonomy":"category","embeddable":true,"href":"https:\/\/diariodominicano.com\/index.php?rest_route=%2Fwp%2Fv2%2Fcategories&post=171426"},{"taxonomy":"post_tag","embeddable":true,"href":"https:\/\/diariodominicano.com\/index.php?rest_route=%2Fwp%2Fv2%2Ftags&post=171426"}],"curies":[{"name":"wp","href":"https:\/\/api.w.org\/{rel}","templated":true}]}}