{"id":171424,"date":"2018-01-26T21:52:47","date_gmt":"2018-01-26T21:52:47","guid":{"rendered":"http:\/\/diariodominicano.ddns.net\/?p=171424"},"modified":"2018-01-26T21:52:47","modified_gmt":"2018-01-26T21:52:47","slug":"la-via-ecuatoriana-de-la-contraofensiva-conservadora","status":"publish","type":"post","link":"https:\/\/diariodominicano.com\/?p=171424","title":{"rendered":"La v\u00eda ecuatoriana de la contraofensiva conservadora"},"content":{"rendered":"<p><body><\/p>\n<p><img decoding=\"async\" src=\"img3\/lenin_con_medios_privados_0.jpg\" \/>  <\/p>\n<p>Lenin Moreno con directivos de los medios privados<\/p>\n<\/p>\n<p><strong>Emir Sader<\/strong><\/p>\n<\/p>\n<p>Conoc\u00edamos dos v\u00edas de contraofensiva conservadora: la de la victoria electoral de la derecha, en Argentina; y la del golpe, como en Brasil. Ahora otro pa\u00eds, de forma sorprendente, se suma a esa ola: Ecuador.<\/p>\n<\/p>\n<\/p>\n<p>Se conoc\u00edan las v\u00edas de victoria -electoral o golpista? de la derecha. Pero Ecuador presenta una alternativa: una recomposici\u00f3n conservadora que nace desde adentro de los movimientos progresistas.<\/p>\n<\/p>\n<\/p>\n<p>Es un mecanismo conocido en la pol\u00edtica, as\u00ed como en otro tipo de instituciones. Alguien que siempre fue segundo de un gran l\u00edder, vice, sub, de repente es elegido por ese l\u00edder para ocupar su lugar, pero no solo no se muestra a la altura, sino termina traicionando el mandato del que hab\u00eda participado y el mandato para el cual hab\u00eda sido elegido. Asimismo, pasa a acusar al l\u00edder que lo eligi\u00f3 como responsable de los problemas de su gesti\u00f3n. Hace un mandato mediocre, burocr\u00e1tico, marcado por retrocesos, como transici\u00f3n para la recomposici\u00f3n de la derecha.<\/p>\n<\/p>\n<\/p>\n<p>En el caso de Ecuador, se trata de la elecci\u00f3n de Lenin Moreno para suceder a Rafael Correa en la presidencia del pa\u00eds. Aunque no fuera el candidato preferido por Correa ? que era el vice de su segundo mandato, Jorge Glas -, al ganar el referendo de Alianza Pa\u00eds, fue apoyado por Correa, quien fue el protagonista fundamental de la campa\u00f1a que llev\u00f3 Moreno a una victoria apretada, para volverse presidente de Ecuador.<\/p>\n<\/p>\n<\/p>\n<p>Se sab\u00eda de su perfil m\u00e1s moderado, de su disposici\u00f3n de desarticular el clima de enfrentamientos duros entre Correa y la oposici\u00f3n ? tanto medi\u00e1tica, como partidaria e incluso con algunos movimientos sociales -, pero no hubo ning\u00fan pronunciamiento suyo que pudiera apuntar hacia una ruptura con todo lo que ha significado la Revoluci\u00f3n Ciudadana. Se supon\u00eda un cambio de estilo para enfrentar los problemas, la apertura de di\u00e1logo con sectores del campo popular que se hab\u00edan apartado del gobierno, formas m\u00e1s moderadas de tratar con los medios, pero nada m\u00e1s que eso: cambios de estilo, que no afectaran el contenido de las pol\u00edticas de la Revoluci\u00f3n Ciudadana.<\/p>\n<\/p>\n<\/p>\n<p>Sin embargo, ya en la composici\u00f3n del gobierno y en la supresi\u00f3n de algunos ministerios que representaban algunos de los cambios fundamentales que el gobierno de Correa hab\u00eda tra\u00eddo, ya apuntaban hacia un tipo de gobierno distinto. Luego empezaron a surgir balances de la situaci\u00f3n econ\u00f3mica que incorporaban visiones de la oposici\u00f3n de derecha, sobre un supuesto endeudamiento excesivo del gobierno, sobre despilfarros, apuntando ya a un nuevo tema, que terminar\u00eda distanciando decisivamente a Moreno de Correa: la existencia de corrupci\u00f3n en el gobierno anterior, del que el vicepresidente Jorge Glas ser\u00eda el protagonista m\u00e1s conocido. Denuncias llegadas desde O Globo, de Brasil, de que Odebrecht habr\u00eda sobornado a Glas y a otras personas vinculadas a \u00e9l, fueron asumidas por Moreno como reales, llevando al alejamiento de Glas de las funciones gubernamentales, hasta que Glas fue detenido en base a ese proceso y, m\u00e1s tarde, sustituido en el cargo de vicepresidente.<\/p>\n<\/p>\n<\/p>\n<p>Pero, m\u00e1s all\u00e1 de esas diferencias, se dio un vuelco esencial en la relaci\u00f3n con el bloque de partidos de la derecha tradicional, algunos de los cuales pasaron a ocupar cargos en el gobierno, incluso en algunos puestos econ\u00f3micos estrat\u00e9gicos.<\/p>\n<\/p>\n<\/p>\n<p>Paralelamente, se dio una batalla por el control de Alianza Pa\u00eds, el partido fundado por Correa para ser la base pol\u00edtica de sost\u00e9n de la Revoluci\u00f3n Ciudadana. Con el control del gobierno, la facci\u00f3n de Moreno logr\u00f3 mantener el nombre de Alianza Pa\u00eds, aunque la gran mayor\u00eda de la militancia est\u00e1 con Correa. Este y sus seguidores han salido de AP y se proponen a construir un otro partido, vinculado a la Revoluci\u00f3n Ciudadana.<\/p>\n<\/p>\n<\/p>\n<p>El referendo convocado por Moreno sintetiza el viraje conservador del gobierno y se ha vuelto el epicentro del enfrentamiento actual entre los dos grupos. Junto a una serie de cuestiones obvias, Moreno impuso el veto a la reelecci\u00f3n de Correa, como tema central, adem\u00e1s de desarticular un Consejo que descentraliza decisiones fundamentales del gobierno hacia organizaciones civiles, y termina con un impuesto que Correa hab\u00eda logrado a las grandes empresas. La votaci\u00f3n se dar\u00e1 a comienzo de febrero y, para ello, Correa ha retornado de nuevo al pa\u00eds, recorri\u00e9ndolo en una campa\u00f1a sistem\u00e1tica de difusi\u00f3n de la conciencia pol\u00edtica sobre el viraje que sucede en Ecuador.<\/p>\n<\/p>\n<\/p>\n<p>Es una ruptura irreversible entre dos sectores que han protagonizado juntos la Revoluci\u00f3n Ciudadana, proceso que ha trasformado de manera formidable a Ecuador por m\u00e1s de una d\u00e9cada. Como es un fen\u00f3meno nuevo, no est\u00e1 claro el futuro del pa\u00eds y de la izquierda ecuatoriana. Lo que es cierto es que se ha configurado un nuevo bloque conservador en el gobierno, que recibe el apoyo de la derecha tradicional y de sectores de los movimientos sociales que ten\u00edan conflictos con Correa. Mientas que \u00e9ste y la reconstrucci\u00f3n de un partido que proponga la continuidad de lo que fue su gobierno, es el eje de la continuidad de la izquierda ecuatoriana.<\/p>\n<\/p>\n<\/p>\n<p>&#8211; Emir Sader, soci\u00f3logo y cient\u00edfico pol\u00edtico brasile\u00f1o, es coordinador del Laboratorio de Pol\u00edticas P\u00fablicas de la Universidad Estadual de Rio de Janeiro (UERJ).<\/p>\n<\/p>\n<\/p>\n<p>https:\/\/www.alainet.org\/es\/articulo\/190637<\/p>\n<\/p>\n<p>Del mismo autor<\/p>\n<p>La v\u00eda ecuatoriana de la contraofensiva conservadora    26\/01\/2018<\/p>\n<p>As condena\u00e7\u00f5es de Lula    26\/01\/2018<\/p>\n<p>S\u00f3 resta a judicializa\u00e7\u00e3o \u00e0 direita    19\/01\/2018<\/p>\n<p>Los desaf\u00edos del pensamiento cr\u00edtico    19\/01\/2018<\/p>\n<p>The left could win in Mexico    15\/01\/2018<\/p>\n<p>A for\u00e7a do Lula    15\/01\/2018<\/p>\n<p>La izquierda puede ganar en M\u00e9xico    09\/01\/2018<\/p>\n<p>2017: o ano que s\u00f3 acaba daqui a um ano    20\/12\/2017<\/p>\n<p>Lula, a democracia e o Brasil    15\/12\/2017<\/p>\n<p>Cuando el poder judicial es lo opuesto de la justicia    13\/12\/2017<\/p>\n<h6> 2018-01-26 21:52:47 <\/h6>\n<p><!--\n<link rel=\"stylesheet\" href=\"css\/bootstrap.min.css\">\n\n\n<ul class=\"pagination\">\n\t    \n\t\n\n<li >\n\t<a href='?page_no=6730'>Previous<\/a>\n\t<\/li>\n\n\n       \n    \n\n<li><a href='?page_no=1'>1<\/a><\/li>\n\n\n\n<li><a href='?page_no=2'>2<\/a><\/li>\n\n\n\n<li><a>...<\/a><\/li>\n\n\n\n<li><a href='?page_no=6729'>6729<\/a><\/li>\n\n\n\n<li><a href='?page_no=6730'>6730<\/a><\/li>\n\n\n\n<li class='active'><a>6731<\/a><\/li>\n\n\n\n<li><a href='?page_no=6732'>6732<\/a><\/li>\n\n\n\n<li><a href='?page_no=6733'>6733<\/a><\/li>\n\n\n\n<li><a>...<\/a><\/li>\n\n\n\n<li><a href='?page_no=36999'>36999<\/a><\/li>\n\n\n\n<li><a href='?page_no=37000'>37000<\/a><\/li>\n\n    \n\t\n\n<li >\n\t<a href='?page_no=6732'>Next<\/a>\n\t<\/li>\n\n\n    \n\n<li><a href='?page_no=37000'>Last &rsaquo;&rsaquo;<\/a><\/li>\n\n<\/ul>\n\n\n--><br \/>\n<\/body><\/p>\n","protected":false},"excerpt":{"rendered":"<p>Lenin Moreno con directivos de los medios privados Emir Sader Conoc\u00edamos dos v\u00edas de contraofensiva conservadora: la de la victoria electoral de la derecha, en Argentina; y la del golpe, como en Brasil. Ahora otro pa\u00eds, de forma sorprendente, se suma a esa ola: Ecuador. Se conoc\u00edan las v\u00edas de victoria -electoral o golpista? de [&hellip;]<\/p>\n","protected":false},"author":3,"featured_media":0,"comment_status":"open","ping_status":"open","sticky":false,"template":"","format":"standard","meta":{"footnotes":""},"categories":[22],"tags":[],"class_list":["post-171424","post","type-post","status-publish","format-standard","hentry","category-politica"],"_links":{"self":[{"href":"https:\/\/diariodominicano.com\/index.php?rest_route=\/wp\/v2\/posts\/171424","targetHints":{"allow":["GET"]}}],"collection":[{"href":"https:\/\/diariodominicano.com\/index.php?rest_route=\/wp\/v2\/posts"}],"about":[{"href":"https:\/\/diariodominicano.com\/index.php?rest_route=\/wp\/v2\/types\/post"}],"author":[{"embeddable":true,"href":"https:\/\/diariodominicano.com\/index.php?rest_route=\/wp\/v2\/users\/3"}],"replies":[{"embeddable":true,"href":"https:\/\/diariodominicano.com\/index.php?rest_route=%2Fwp%2Fv2%2Fcomments&post=171424"}],"version-history":[{"count":0,"href":"https:\/\/diariodominicano.com\/index.php?rest_route=\/wp\/v2\/posts\/171424\/revisions"}],"wp:attachment":[{"href":"https:\/\/diariodominicano.com\/index.php?rest_route=%2Fwp%2Fv2%2Fmedia&parent=171424"}],"wp:term":[{"taxonomy":"category","embeddable":true,"href":"https:\/\/diariodominicano.com\/index.php?rest_route=%2Fwp%2Fv2%2Fcategories&post=171424"},{"taxonomy":"post_tag","embeddable":true,"href":"https:\/\/diariodominicano.com\/index.php?rest_route=%2Fwp%2Fv2%2Ftags&post=171424"}],"curies":[{"name":"wp","href":"https:\/\/api.w.org\/{rel}","templated":true}]}}