{"id":171423,"date":"2018-01-26T22:09:16","date_gmt":"2018-01-26T22:09:16","guid":{"rendered":"http:\/\/diariodominicano.ddns.net\/?p=171423"},"modified":"2018-01-26T22:09:16","modified_gmt":"2018-01-26T22:09:16","slug":"alianza-pais-celebra-natalicio-juan-pablo-duarte-con-evento-educativo","status":"publish","type":"post","link":"https:\/\/diariodominicano.com\/?p=171423","title":{"rendered":"Alianza Pa\u00eds celebra natalicio Juan Pablo Duarte con evento educativo"},"content":{"rendered":"<p><body><\/p>\n<p><img decoding=\"async\" src=\"img3\/IMG_0916.JPG\" \/><br \/><img decoding=\"async\" src=\"img3\/IMG_0920 (1).JPG\" \/><br \/><img decoding=\"async\" src=\"img3\/IMG_0919.JPG\" \/>  <\/p>\n<p><strong>Por Freddy P. Galarza <\/strong><\/p>\n<p><strong>New York.-  <\/strong>El coordnador de Alianza Pa\u00eds en esta ciudad profesor Juan Villar, sostuvo que Juan Pablo Duarte, fue un hombre que no s\u00f3lo\u00bb nos dej\u00f3 una patria por hogar; sino que su vida y pr\u00e1ctica se elevan como el m\u00e1s alto paradigna de honradez y valent\u00eda \u00ab. <\/p>\n<\/p>\n<p>Manifest\u00f3 durante una charla ofrecida en el local de dicha organizaci\u00f3n pol\u00edtica, que el pr\u00f3cer de la independencia dominicana no escatim\u00f3 esfuerzo, ni rehuy\u00f3 a ning\u00fan sacrificio para servirle a su patria  .<\/p>\n<\/p>\n<p>\u00bb Es importante que los jovenes se adhieran al Duarte, vivo y profundamente humano que disfrutaba de una buena lectura, una buena obra de teatro; un Duarte que valora la educaci\u00f3n y se forja para servir mejor a su naciente naci\u00f3n\u00bb signific\u00f3 .<\/p>\n<\/p>\n<p>El dirigente aliancista expres\u00f3 que los j\u00f3venes tienen que levantar sus banderas y con firmeza duartiana, construir una muralla de contenci\u00f3n en contra de los malos dominicanos ?? que nos desgobiernan \u00ab. <\/p>\n<\/p>\n<p>Dijo que es a esta generaci\u00f3n que les toca romper los eslabones oxidados de los santanistas, baecitas, trujillistas y balagueristas que han dominado el ajedrez pol\u00edtico y vida republicana desde el nacimiento de la rep\u00fablica .<\/p>\n<\/p>\n<p>Villar, asegur\u00f3 que Alianza Pa\u00eds se compromete a lucha por hacer realidad la Rep\u00fablica Dominicana que Duarte ide\u00f3, por la que luch\u00f3 y por la que entreg\u00f3 su vida .<\/p>\n<\/p>\n<p>freddy.galarza@yahoo.com<\/p>\n<h6> 2018-01-26 22:09:16 <\/h6>\n<p><!--\n<link rel=\"stylesheet\" href=\"css\/bootstrap.min.css\">\n\n\n<ul class=\"pagination\">\n\t    \n\t\n\n<li >\n\t<a href='?page_no=6729'>Previous<\/a>\n\t<\/li>\n\n\n       \n    \n\n<li><a href='?page_no=1'>1<\/a><\/li>\n\n\n\n<li><a href='?page_no=2'>2<\/a><\/li>\n\n\n\n<li><a>...<\/a><\/li>\n\n\n\n<li><a href='?page_no=6728'>6728<\/a><\/li>\n\n\n\n<li><a href='?page_no=6729'>6729<\/a><\/li>\n\n\n\n<li class='active'><a>6730<\/a><\/li>\n\n\n\n<li><a href='?page_no=6731'>6731<\/a><\/li>\n\n\n\n<li><a href='?page_no=6732'>6732<\/a><\/li>\n\n\n\n<li><a>...<\/a><\/li>\n\n\n\n<li><a href='?page_no=36999'>36999<\/a><\/li>\n\n\n\n<li><a href='?page_no=37000'>37000<\/a><\/li>\n\n    \n\t\n\n<li >\n\t<a href='?page_no=6731'>Next<\/a>\n\t<\/li>\n\n\n    \n\n<li><a href='?page_no=37000'>Last &rsaquo;&rsaquo;<\/a><\/li>\n\n<\/ul>\n\n\n--><br \/>\n<\/body><\/p>\n","protected":false},"excerpt":{"rendered":"<p>Por Freddy P. Galarza New York.- El coordnador de Alianza Pa\u00eds en esta ciudad profesor Juan Villar, sostuvo que Juan Pablo Duarte, fue un hombre que no s\u00f3lo\u00bb nos dej\u00f3 una patria por hogar; sino que su vida y pr\u00e1ctica se elevan como el m\u00e1s alto paradigna de honradez y valent\u00eda \u00ab. Manifest\u00f3 durante una [&hellip;]<\/p>\n","protected":false},"author":3,"featured_media":0,"comment_status":"open","ping_status":"open","sticky":false,"template":"","format":"standard","meta":{"footnotes":""},"categories":[22],"tags":[],"class_list":["post-171423","post","type-post","status-publish","format-standard","hentry","category-politica"],"_links":{"self":[{"href":"https:\/\/diariodominicano.com\/index.php?rest_route=\/wp\/v2\/posts\/171423","targetHints":{"allow":["GET"]}}],"collection":[{"href":"https:\/\/diariodominicano.com\/index.php?rest_route=\/wp\/v2\/posts"}],"about":[{"href":"https:\/\/diariodominicano.com\/index.php?rest_route=\/wp\/v2\/types\/post"}],"author":[{"embeddable":true,"href":"https:\/\/diariodominicano.com\/index.php?rest_route=\/wp\/v2\/users\/3"}],"replies":[{"embeddable":true,"href":"https:\/\/diariodominicano.com\/index.php?rest_route=%2Fwp%2Fv2%2Fcomments&post=171423"}],"version-history":[{"count":0,"href":"https:\/\/diariodominicano.com\/index.php?rest_route=\/wp\/v2\/posts\/171423\/revisions"}],"wp:attachment":[{"href":"https:\/\/diariodominicano.com\/index.php?rest_route=%2Fwp%2Fv2%2Fmedia&parent=171423"}],"wp:term":[{"taxonomy":"category","embeddable":true,"href":"https:\/\/diariodominicano.com\/index.php?rest_route=%2Fwp%2Fv2%2Fcategories&post=171423"},{"taxonomy":"post_tag","embeddable":true,"href":"https:\/\/diariodominicano.com\/index.php?rest_route=%2Fwp%2Fv2%2Ftags&post=171423"}],"curies":[{"name":"wp","href":"https:\/\/api.w.org\/{rel}","templated":true}]}}