{"id":171420,"date":"2018-01-26T23:43:46","date_gmt":"2018-01-26T23:43:46","guid":{"rendered":"http:\/\/diariodominicano.ddns.net\/?p=171420"},"modified":"2018-01-26T23:43:46","modified_gmt":"2018-01-26T23:43:46","slug":"nicolas-maduro-lanza-eslogan-de-campana-juntos-podemos-mas","status":"publish","type":"post","link":"https:\/\/diariodominicano.com\/?p=171420","title":{"rendered":"Nicol\u00e1s Maduro lanza eslogan de campa\u00f1a \u00abJuntos podemos m\u00e1s\u00bb"},"content":{"rendered":"<p><body><\/p>\n<p><img decoding=\"async\" src=\"img3\/136892469_15158097333681n.jpg\" \/>  <\/p>\n<p><strong> <\/strong><\/p>\n<p><strong>   CARACAS, 26 ene (Xinhua) &#8212; <\/strong>El mandatario de Venezuela, Nicol\u00e1s Maduro, present\u00f3 hoy en su cuenta de Twitter su eslogan de campa\u00f1a para las elecciones presidenciales que se realizar\u00e1n antes del 30 de abril. <\/p>\n<\/p>\n<p>   \u00abJuntosPodemosM\u00e1s Nicol\u00e1s Maduro presidente\u00bb, consigna el eslogan que va acompa\u00f1ado del lado izquierdo de los colores de la bandera venezolana sobre una letra \u00abM\u00bb.<\/p>\n<\/p>\n<p>   El eslogan se usar\u00e1 dentro de su campa\u00f1a que busca su reelecci\u00f3n para el periodo 2019-2025.<\/p>\n<\/p>\n<p>   Las palabras escogidas por el jefe de Estado y aspirante a la reelecci\u00f3n hacen referencia, en primer lugar, a la unidad de los venezolanos y c\u00f3mo esa unidad social puede significar un mayor poder para la resoluci\u00f3n de problemas.<\/p>\n<\/p>\n<p>   Maduro dio a conocer la frase emblem\u00e1tica de su campa\u00f1a presidencial a trav\u00e9s de varios mensajes en la red social Twitter, desde donde tambi\u00e9n mostr\u00f3 un tema musical que ambientar\u00e1 la campa\u00f1a electoral de las fuerzas progubernamentales.<\/p>\n<\/p>\n<p>   \u00abJuntos Podemos M\u00e1s. Les comparto el tema oficial de la Campa\u00f1a Presidencial 2018. S\u00e9 que unidos construiremos el futuro de la Patria. #VamosNico #JuntosPodemosMas\u00bb, escribi\u00f3 el precanditato a trav\u00e9s de la red social.<\/p>\n<\/p>\n<p>   El proyecto pol\u00edtico que inici\u00f3 el fallecido presidente Hugo Ch\u00e1vez ha contado con diversas frases de campa\u00f1a, como \u00abCon Ch\u00e1vez manda el pueblo\u00bb, \u00abCh\u00e1vez victoria de Venezuela\u00bb y \u00abCh\u00e1vez coraz\u00f3n de mi patria\u00bb.<\/p>\n<\/p>\n<p>   Maduro, en su primera elecci\u00f3n presidencial us\u00f3 la frase \u00abMaduro desde mi coraz\u00f3n\u00bb, en alusi\u00f3n a una frase \u00abYo se los pido desde mi coraz\u00f3n\u00bb, dicha por el entonces presidente Ch\u00e1vez, quien pidi\u00f3 a los venezolanos que eligieran a Maduro como presidente de la Rep\u00fablica.  <\/p>\n<\/p>\n<p>   La frase \u00abJuntos podemos m\u00e1s\u00bb, acompa\u00f1ada del logotipo tricolor y el tema musical, comenzaron a ser difundidas en el pa\u00eds.<\/p>\n<\/p>\n<p>   La oposici\u00f3n todav\u00eda no ha ofrecido un pronunciamiento oficial sobre su eventual participaci\u00f3n en las elecciones. Fin<\/p>\n<\/p>\n<\/p>\n<h6> 2018-01-26 23:43:46 <\/h6>\n<p><!--\n<link rel=\"stylesheet\" href=\"css\/bootstrap.min.css\">\n\n\n<ul class=\"pagination\">\n\t    \n\t\n\n<li >\n\t<a href='?page_no=6727'>Previous<\/a>\n\t<\/li>\n\n\n       \n    \n\n<li><a href='?page_no=1'>1<\/a><\/li>\n\n\n\n<li><a href='?page_no=2'>2<\/a><\/li>\n\n\n\n<li><a>...<\/a><\/li>\n\n\n\n<li><a href='?page_no=6726'>6726<\/a><\/li>\n\n\n\n<li><a href='?page_no=6727'>6727<\/a><\/li>\n\n\n\n<li class='active'><a>6728<\/a><\/li>\n\n\n\n<li><a href='?page_no=6729'>6729<\/a><\/li>\n\n\n\n<li><a href='?page_no=6730'>6730<\/a><\/li>\n\n\n\n<li><a>...<\/a><\/li>\n\n\n\n<li><a href='?page_no=36999'>36999<\/a><\/li>\n\n\n\n<li><a href='?page_no=37000'>37000<\/a><\/li>\n\n    \n\t\n\n<li >\n\t<a href='?page_no=6729'>Next<\/a>\n\t<\/li>\n\n\n    \n\n<li><a href='?page_no=37000'>Last &rsaquo;&rsaquo;<\/a><\/li>\n\n<\/ul>\n\n\n--><br \/>\n<\/body><\/p>\n","protected":false},"excerpt":{"rendered":"<p>CARACAS, 26 ene (Xinhua) &#8212; El mandatario de Venezuela, Nicol\u00e1s Maduro, present\u00f3 hoy en su cuenta de Twitter su eslogan de campa\u00f1a para las elecciones presidenciales que se realizar\u00e1n antes del 30 de abril. \u00abJuntosPodemosM\u00e1s Nicol\u00e1s Maduro presidente\u00bb, consigna el eslogan que va acompa\u00f1ado del lado izquierdo de los colores de la bandera venezolana sobre [&hellip;]<\/p>\n","protected":false},"author":3,"featured_media":0,"comment_status":"open","ping_status":"open","sticky":false,"template":"","format":"standard","meta":{"footnotes":""},"categories":[22],"tags":[],"class_list":["post-171420","post","type-post","status-publish","format-standard","hentry","category-politica"],"_links":{"self":[{"href":"https:\/\/diariodominicano.com\/index.php?rest_route=\/wp\/v2\/posts\/171420","targetHints":{"allow":["GET"]}}],"collection":[{"href":"https:\/\/diariodominicano.com\/index.php?rest_route=\/wp\/v2\/posts"}],"about":[{"href":"https:\/\/diariodominicano.com\/index.php?rest_route=\/wp\/v2\/types\/post"}],"author":[{"embeddable":true,"href":"https:\/\/diariodominicano.com\/index.php?rest_route=\/wp\/v2\/users\/3"}],"replies":[{"embeddable":true,"href":"https:\/\/diariodominicano.com\/index.php?rest_route=%2Fwp%2Fv2%2Fcomments&post=171420"}],"version-history":[{"count":0,"href":"https:\/\/diariodominicano.com\/index.php?rest_route=\/wp\/v2\/posts\/171420\/revisions"}],"wp:attachment":[{"href":"https:\/\/diariodominicano.com\/index.php?rest_route=%2Fwp%2Fv2%2Fmedia&parent=171420"}],"wp:term":[{"taxonomy":"category","embeddable":true,"href":"https:\/\/diariodominicano.com\/index.php?rest_route=%2Fwp%2Fv2%2Fcategories&post=171420"},{"taxonomy":"post_tag","embeddable":true,"href":"https:\/\/diariodominicano.com\/index.php?rest_route=%2Fwp%2Fv2%2Ftags&post=171420"}],"curies":[{"name":"wp","href":"https:\/\/api.w.org\/{rel}","templated":true}]}}