{"id":171419,"date":"2018-01-27T09:37:15","date_gmt":"2018-01-27T09:37:15","guid":{"rendered":"http:\/\/diariodominicano.ddns.net\/?p=171419"},"modified":"2018-01-27T09:37:15","modified_gmt":"2018-01-27T09:37:15","slug":"tegucigalpa-militarizada-y-bajo-protestas-populares","status":"publish","type":"post","link":"https:\/\/diariodominicano.com\/?p=171419","title":{"rendered":"Tegucigalpa militarizada y bajo protestas populares"},"content":{"rendered":"<p><body><\/p>\n<p><img decoding=\"async\" src=\"img3\/Honduras-JOH.jpg\" \/>  <\/p>\n<p><strong>Tegucigalpa, 27 ene (PL)<\/strong> Bajo un fuerte dispositivo de seguridad amaneci\u00f3 hoy esta capital por la toma de posesi\u00f3n del presidente Juan Orlando Hern\u00e1ndez para un segundo mandato, en una jornada marcada por las protestas populares.<\/p>\n<\/p>\n<p>Hern\u00e1ndez tiene previsto jurar el cargo en el Estadio Nacional, en una ceremonia r\u00e1pida y sin la presencia de mandatarios extranjeros, mientras gran parte de la ciudadan\u00eda rechaza esa investidura por considerarla un fraude electoral.<\/p>\n<\/p>\n<p>La tensi\u00f3n se acrecienta conforme pasan las horas, luego que la Alianza de Oposici\u00f3n contra la Dictadura, liderada por el excandidato presidencial Salvador Nasralla, llamara a una movilizaci\u00f3n nacional en todas las v\u00edas del pa\u00eds.<\/p>\n<\/p>\n<p>El conflicto en la empobrecida naci\u00f3n centroamericana estall\u00f3 en noviembre durante las elecciones generales, luego que la Alianza y sus partidarios denunciaran a Hern\u00e1ndez de fraguar un golpe electoral ante las irregularidades e incongruencias presentadas en el proceso.<\/p>\n<\/p>\n<p>Desde entonces la consigna m\u00e1s escuchada en el pa\u00eds es &#8216;fuera JOH&#8217; (por las siglas del mandatario) y este s\u00e1bado comienza a resonar en diferentes puntos de la capital.<\/p>\n<\/p>\n<p>Nasralla indic\u00f3 que hoy los hondure\u00f1os tienen una oportunidad de evitar que Hern\u00e1ndez asuma un nuevo mandato y la dictadura.<\/p>\n<\/p>\n<p>Asimismo, asegur\u00f3 que a la toma de posesi\u00f3n apenas asistir\u00e1n 67 de los 128 diputados del Parlamento, de los cuales 61 son del oficialista Partido Nacional.<\/p>\n<\/p>\n<p>ocs\/acl<\/p>\n<h6> 2018-01-27 09:37:15 <\/h6>\n<p><!--\n<link rel=\"stylesheet\" href=\"css\/bootstrap.min.css\">\n\n\n<ul class=\"pagination\">\n\t    \n\t\n\n<li >\n\t<a href='?page_no=6726'>Previous<\/a>\n\t<\/li>\n\n\n       \n    \n\n<li><a href='?page_no=1'>1<\/a><\/li>\n\n\n\n<li><a href='?page_no=2'>2<\/a><\/li>\n\n\n\n<li><a>...<\/a><\/li>\n\n\n\n<li><a href='?page_no=6725'>6725<\/a><\/li>\n\n\n\n<li><a href='?page_no=6726'>6726<\/a><\/li>\n\n\n\n<li class='active'><a>6727<\/a><\/li>\n\n\n\n<li><a href='?page_no=6728'>6728<\/a><\/li>\n\n\n\n<li><a href='?page_no=6729'>6729<\/a><\/li>\n\n\n\n<li><a>...<\/a><\/li>\n\n\n\n<li><a href='?page_no=36999'>36999<\/a><\/li>\n\n\n\n<li><a href='?page_no=37000'>37000<\/a><\/li>\n\n    \n\t\n\n<li >\n\t<a href='?page_no=6728'>Next<\/a>\n\t<\/li>\n\n\n    \n\n<li><a href='?page_no=37000'>Last &rsaquo;&rsaquo;<\/a><\/li>\n\n<\/ul>\n\n\n--><br \/>\n<\/body><\/p>\n","protected":false},"excerpt":{"rendered":"<p>Tegucigalpa, 27 ene (PL) Bajo un fuerte dispositivo de seguridad amaneci\u00f3 hoy esta capital por la toma de posesi\u00f3n del presidente Juan Orlando Hern\u00e1ndez para un segundo mandato, en una jornada marcada por las protestas populares. Hern\u00e1ndez tiene previsto jurar el cargo en el Estadio Nacional, en una ceremonia r\u00e1pida y sin la presencia de [&hellip;]<\/p>\n","protected":false},"author":3,"featured_media":0,"comment_status":"open","ping_status":"open","sticky":false,"template":"","format":"standard","meta":{"footnotes":""},"categories":[22],"tags":[],"class_list":["post-171419","post","type-post","status-publish","format-standard","hentry","category-politica"],"_links":{"self":[{"href":"https:\/\/diariodominicano.com\/index.php?rest_route=\/wp\/v2\/posts\/171419","targetHints":{"allow":["GET"]}}],"collection":[{"href":"https:\/\/diariodominicano.com\/index.php?rest_route=\/wp\/v2\/posts"}],"about":[{"href":"https:\/\/diariodominicano.com\/index.php?rest_route=\/wp\/v2\/types\/post"}],"author":[{"embeddable":true,"href":"https:\/\/diariodominicano.com\/index.php?rest_route=\/wp\/v2\/users\/3"}],"replies":[{"embeddable":true,"href":"https:\/\/diariodominicano.com\/index.php?rest_route=%2Fwp%2Fv2%2Fcomments&post=171419"}],"version-history":[{"count":0,"href":"https:\/\/diariodominicano.com\/index.php?rest_route=\/wp\/v2\/posts\/171419\/revisions"}],"wp:attachment":[{"href":"https:\/\/diariodominicano.com\/index.php?rest_route=%2Fwp%2Fv2%2Fmedia&parent=171419"}],"wp:term":[{"taxonomy":"category","embeddable":true,"href":"https:\/\/diariodominicano.com\/index.php?rest_route=%2Fwp%2Fv2%2Fcategories&post=171419"},{"taxonomy":"post_tag","embeddable":true,"href":"https:\/\/diariodominicano.com\/index.php?rest_route=%2Fwp%2Fv2%2Ftags&post=171419"}],"curies":[{"name":"wp","href":"https:\/\/api.w.org\/{rel}","templated":true}]}}