{"id":171418,"date":"2018-01-27T12:55:22","date_gmt":"2018-01-27T12:55:22","guid":{"rendered":"http:\/\/diariodominicano.ddns.net\/?p=171418"},"modified":"2018-01-27T12:55:22","modified_gmt":"2018-01-27T12:55:22","slug":"diputado-rechaza-resolucion-prohibe-conteo-votos-nacionales-en-provincia","status":"publish","type":"post","link":"https:\/\/diariodominicano.com\/?p=171418","title":{"rendered":"Diputado rechaza resoluci\u00f3n proh\u00edbe conteo votos nacionales en provincia"},"content":{"rendered":"<p><body><\/p>\n<p><img decoding=\"async\" src=\"img3\/pal2.jpg\" \/>  <\/p>\n<p>SAN CRIST\u00d3BAL:-El congresista licenciado Nelson de la Rosa rechaz\u00f3 las pretensiones de una resoluci\u00f3n del comit\u00e9 pol\u00edtico que  proh\u00edbe el<\/p>\n<p>conteo de los votos de aspirantes a la presidencia y vice-presidencia d en la convenci\u00f3n de Febrero del partido Revolucionario Moderno.<\/p>\n<\/p>\n<p>Al hablar en presencia del senador y candidato a la presidencia del PRM, licenciado Jos\u00e9 Ignacio Paliza en un acto celebrado en un<\/p>\n<p>restaurante de esta ciudad, dijo que la dirigencia no aceptara esta pregunta resoluci\u00f3n que se quieres poner en pr\u00e1ctica en la provincia convenci\u00f3n.<\/p>\n<\/p>\n<p>\u00abEsta en marucha esa resoluci\u00f3n, que va a prohibir que se cuenten los votos en las provincias de los candidatos a la presidencia y<\/p>\n<p>vice-presidencia, tratando de ignorar el trabajo de los provinciales, aqu\u00ed no aceptaremos esa resoluci\u00f3n, aqu\u00ed se contaran los votos de todos\u00bb.<\/p>\n<\/p>\n<p>Agreg\u00f3, que el PRM naci\u00f3 porque la divisi\u00f3n dentro del Partido Revolucionario Dominicano (PRD), provoco una ruptura entre la dirigencia, y por tal raz\u00f3n el PRM es un partido nuevo y fuerte.<\/p>\n<\/p>\n<p>\u00abAqu\u00ed reina la unidad, y no podemos permitir que la divisi\u00f3n vuelva, los san cristobalense est\u00e1n saboreando el sabor dulce de la unidad\u00bb.<\/p>\n<\/p>\n<p>Se\u00f1alo, que todos los candidatos de esta provincia, y los 13 candidatos a la vice presidencia Nacional del PRM tienen que sacar los<\/p>\n<p>mismos votos o la misma proporci\u00f3n en esta provincia en la pr\u00f3xima convenci\u00f3n, porque existe una unidad en torno a los acuerdos de Luis Abinader y Hip\u00f3lito Mej\u00eda.<\/p>\n<\/p>\n<p>En la actividad estuvieron presente Eligio Jaques, el ex senador Antonio Rosario Pimentel, y todas las dirigencia de la provincia, que<\/p>\n<p>rindieron su apoyo al senador Jos\u00e9 Ignacio Paliza y Cristina Mej\u00eda, a la presidencia y vice-presidencia de esa organizaci\u00f3n pol\u00edtica.<\/p>\n<\/p>\n<p>Autor Carlos Corpor\u00e1n<\/p>\n<h6> 2018-01-27 12:55:22 <\/h6>\n<p><!--\n<link rel=\"stylesheet\" href=\"css\/bootstrap.min.css\">\n\n\n<ul class=\"pagination\">\n\t    \n\t\n\n<li >\n\t<a href='?page_no=6725'>Previous<\/a>\n\t<\/li>\n\n\n       \n    \n\n<li><a href='?page_no=1'>1<\/a><\/li>\n\n\n\n<li><a href='?page_no=2'>2<\/a><\/li>\n\n\n\n<li><a>...<\/a><\/li>\n\n\n\n<li><a href='?page_no=6724'>6724<\/a><\/li>\n\n\n\n<li><a href='?page_no=6725'>6725<\/a><\/li>\n\n\n\n<li class='active'><a>6726<\/a><\/li>\n\n\n\n<li><a href='?page_no=6727'>6727<\/a><\/li>\n\n\n\n<li><a href='?page_no=6728'>6728<\/a><\/li>\n\n\n\n<li><a>...<\/a><\/li>\n\n\n\n<li><a href='?page_no=36999'>36999<\/a><\/li>\n\n\n\n<li><a href='?page_no=37000'>37000<\/a><\/li>\n\n    \n\t\n\n<li >\n\t<a href='?page_no=6727'>Next<\/a>\n\t<\/li>\n\n\n    \n\n<li><a href='?page_no=37000'>Last &rsaquo;&rsaquo;<\/a><\/li>\n\n<\/ul>\n\n\n--><br \/>\n<\/body><\/p>\n","protected":false},"excerpt":{"rendered":"<p>SAN CRIST\u00d3BAL:-El congresista licenciado Nelson de la Rosa rechaz\u00f3 las pretensiones de una resoluci\u00f3n del comit\u00e9 pol\u00edtico que proh\u00edbe el conteo de los votos de aspirantes a la presidencia y vice-presidencia d en la convenci\u00f3n de Febrero del partido Revolucionario Moderno. Al hablar en presencia del senador y candidato a la presidencia del PRM, licenciado [&hellip;]<\/p>\n","protected":false},"author":3,"featured_media":0,"comment_status":"open","ping_status":"open","sticky":false,"template":"","format":"standard","meta":{"footnotes":""},"categories":[22],"tags":[],"class_list":["post-171418","post","type-post","status-publish","format-standard","hentry","category-politica"],"_links":{"self":[{"href":"https:\/\/diariodominicano.com\/index.php?rest_route=\/wp\/v2\/posts\/171418","targetHints":{"allow":["GET"]}}],"collection":[{"href":"https:\/\/diariodominicano.com\/index.php?rest_route=\/wp\/v2\/posts"}],"about":[{"href":"https:\/\/diariodominicano.com\/index.php?rest_route=\/wp\/v2\/types\/post"}],"author":[{"embeddable":true,"href":"https:\/\/diariodominicano.com\/index.php?rest_route=\/wp\/v2\/users\/3"}],"replies":[{"embeddable":true,"href":"https:\/\/diariodominicano.com\/index.php?rest_route=%2Fwp%2Fv2%2Fcomments&post=171418"}],"version-history":[{"count":0,"href":"https:\/\/diariodominicano.com\/index.php?rest_route=\/wp\/v2\/posts\/171418\/revisions"}],"wp:attachment":[{"href":"https:\/\/diariodominicano.com\/index.php?rest_route=%2Fwp%2Fv2%2Fmedia&parent=171418"}],"wp:term":[{"taxonomy":"category","embeddable":true,"href":"https:\/\/diariodominicano.com\/index.php?rest_route=%2Fwp%2Fv2%2Fcategories&post=171418"},{"taxonomy":"post_tag","embeddable":true,"href":"https:\/\/diariodominicano.com\/index.php?rest_route=%2Fwp%2Fv2%2Ftags&post=171418"}],"curies":[{"name":"wp","href":"https:\/\/api.w.org\/{rel}","templated":true}]}}