{"id":171417,"date":"2018-01-27T12:59:54","date_gmt":"2018-01-27T12:59:54","guid":{"rendered":"http:\/\/diariodominicano.ddns.net\/?p=171417"},"modified":"2018-01-27T12:59:54","modified_gmt":"2018-01-27T12:59:54","slug":"felabel-llama-a-la-juventud-dominicana-a-expresar-su-apoyo-contundente-este-domingo-28-acompanando-al-colectivo-marcha-verde","status":"publish","type":"post","link":"https:\/\/diariodominicano.com\/?p=171417","title":{"rendered":"FELABEL llama a la juventud dominicana a expresar su apoyo contundente este domingo 28, acompa\u00f1ando al colectivo Marcha Verde"},"content":{"rendered":"<p><body><\/p>\n<p><img decoding=\"async\" src=\"img3\/felabe.jpg\" \/>  <\/p>\n<\/p>\n<\/p>\n<p><strong><span class=\"text1noticias\"> <\/span><\/strong><\/p>\n<p><strong><span class=\"text1noticias\">SANTO DOMINGO, RD, 27 de enero de 2018.-<\/span><\/strong><span class=\"text1noticias\"> El Frente Estudiantil Amin Abel (FELABEL)  llam\u00f3 al pueblo  a movilizarse y marchar \u00abpara sacar de una vez a todos los corruptos  del Palacio Nacional  y de todos los estamentos de poder que dice \u00absustentan la oprobiosa dictadura de Danilo Medina y del PLD\u00bb.<\/span><\/p>\n<p><span class=\"text1noticias\"> <\/span><\/p>\n<p><span class=\"text1noticias\">En un manifiesto expresa \u00abVamos todas y todos A MARCHAR ESTE DOMINGO 28 DE ENERO REPUDIANDO LA CORRUPCION Y LA IMPUNIDAD IMPERANTES EN EL PAIS&#8230;  Nos solidarizamos p\u00fablicamente con el arduo trabajo y la amplia respuesta de la juventud dominicana, y seguimos haciendo nuestra esta lucha, ya que es una labor que dignifica a todos los que somos parte del colectivo Marcha Verde y al pueblo en sentido general\u00bb.<\/span><\/p>\n<p><span class=\"text1noticias\"> <\/span><\/p>\n<p><span class=\"text1noticias\">Se\u00f1ala que desde sus  espacios locales, municipales y regionales est\u00e1 realizando amplios esfuerzos para fortalecer el llamado a concentrarnos este  domingo 28 frente al palacio de gobierno a exigir de manera firme que se vayan todos los ladrones: los de hoy, los de ayer y los de antier. Vamos a hacer valer el derecho a la protesta, a la libre expresi\u00f3n, por el derecho a la vida, por la libertad y la justicia, contra la corrupci\u00f3n y contra la impunidad.<\/span><\/p>\n<p><span class=\"text1noticias\"> <\/span><\/p>\n<p><span class=\"text1noticias\">Dice que las  \u00abamenazas, incesantes persecuciones y reiteradas llamadas que nos quieran hacer, h\u00e1ganlas p\u00fablicas. FELABEL no se dobla y no est\u00e1 en venta. Hace mucho tiempo que demostramos no tenerle miedo a la represi\u00f3n\u00bb.<\/span><\/p>\n<\/p>\n<\/p>\n<h6> 2018-01-27 12:59:54 <\/h6>\n<p><!--\n<link rel=\"stylesheet\" href=\"css\/bootstrap.min.css\">\n\n\n<ul class=\"pagination\">\n\t    \n\t\n\n<li >\n\t<a href='?page_no=6724'>Previous<\/a>\n\t<\/li>\n\n\n       \n    \n\n<li><a href='?page_no=1'>1<\/a><\/li>\n\n\n\n<li><a href='?page_no=2'>2<\/a><\/li>\n\n\n\n<li><a>...<\/a><\/li>\n\n\n\n<li><a href='?page_no=6723'>6723<\/a><\/li>\n\n\n\n<li><a href='?page_no=6724'>6724<\/a><\/li>\n\n\n\n<li class='active'><a>6725<\/a><\/li>\n\n\n\n<li><a href='?page_no=6726'>6726<\/a><\/li>\n\n\n\n<li><a href='?page_no=6727'>6727<\/a><\/li>\n\n\n\n<li><a>...<\/a><\/li>\n\n\n\n<li><a href='?page_no=36999'>36999<\/a><\/li>\n\n\n\n<li><a href='?page_no=37000'>37000<\/a><\/li>\n\n    \n\t\n\n<li >\n\t<a href='?page_no=6726'>Next<\/a>\n\t<\/li>\n\n\n    \n\n<li><a href='?page_no=37000'>Last &rsaquo;&rsaquo;<\/a><\/li>\n\n<\/ul>\n\n\n--><br \/>\n<\/body><\/p>\n","protected":false},"excerpt":{"rendered":"<p>SANTO DOMINGO, RD, 27 de enero de 2018.- El Frente Estudiantil Amin Abel (FELABEL) llam\u00f3 al pueblo a movilizarse y marchar \u00abpara sacar de una vez a todos los corruptos del Palacio Nacional y de todos los estamentos de poder que dice \u00absustentan la oprobiosa dictadura de Danilo Medina y del PLD\u00bb. En un manifiesto [&hellip;]<\/p>\n","protected":false},"author":3,"featured_media":0,"comment_status":"open","ping_status":"open","sticky":false,"template":"","format":"standard","meta":{"footnotes":""},"categories":[22],"tags":[],"class_list":["post-171417","post","type-post","status-publish","format-standard","hentry","category-politica"],"_links":{"self":[{"href":"https:\/\/diariodominicano.com\/index.php?rest_route=\/wp\/v2\/posts\/171417","targetHints":{"allow":["GET"]}}],"collection":[{"href":"https:\/\/diariodominicano.com\/index.php?rest_route=\/wp\/v2\/posts"}],"about":[{"href":"https:\/\/diariodominicano.com\/index.php?rest_route=\/wp\/v2\/types\/post"}],"author":[{"embeddable":true,"href":"https:\/\/diariodominicano.com\/index.php?rest_route=\/wp\/v2\/users\/3"}],"replies":[{"embeddable":true,"href":"https:\/\/diariodominicano.com\/index.php?rest_route=%2Fwp%2Fv2%2Fcomments&post=171417"}],"version-history":[{"count":0,"href":"https:\/\/diariodominicano.com\/index.php?rest_route=\/wp\/v2\/posts\/171417\/revisions"}],"wp:attachment":[{"href":"https:\/\/diariodominicano.com\/index.php?rest_route=%2Fwp%2Fv2%2Fmedia&parent=171417"}],"wp:term":[{"taxonomy":"category","embeddable":true,"href":"https:\/\/diariodominicano.com\/index.php?rest_route=%2Fwp%2Fv2%2Fcategories&post=171417"},{"taxonomy":"post_tag","embeddable":true,"href":"https:\/\/diariodominicano.com\/index.php?rest_route=%2Fwp%2Fv2%2Ftags&post=171417"}],"curies":[{"name":"wp","href":"https:\/\/api.w.org\/{rel}","templated":true}]}}