{"id":171414,"date":"2018-01-27T15:59:07","date_gmt":"2018-01-27T15:59:07","guid":{"rendered":"http:\/\/diariodominicano.ddns.net\/?p=171414"},"modified":"2018-01-27T15:59:07","modified_gmt":"2018-01-27T15:59:07","slug":"venezuela-a-la-espera-de-posible-acuerdo-politico-en-dominicana","status":"publish","type":"post","link":"https:\/\/diariodominicano.com\/?p=171414","title":{"rendered":"Venezuela a la espera de posible acuerdo pol\u00edtico en Dominicana&#13;"},"content":{"rendered":"<p><body><\/p>\n<p><strong>Caracas, 27 ene (PL) La<\/strong> prensa venezolana resalt\u00f3 hoy la posibilidad de un posible acuerdo entre el gobierno y la oposici\u00f3n durante el encuentro que debe reanudarse ma\u00f1ana en Rep\u00fablica Dominicana.<\/p>\n<\/p>\n<p>La Agencia Venezolana de Noticias record\u00f3 las recientes afirmaciones del vicepresidente Jorge Rodr\u00edguez sobre varios puntos acordados entre los dos sectores, como la celebraci\u00f3n de los comicios presidenciales en el primer semestre de 2018.<\/p>\n<\/p>\n<p>Rodr\u00edguez asegur\u00f3 tambi\u00e9n que la delegaci\u00f3n gubernamental a los di\u00e1logos, la cual \u00e9l encabeza, est\u00e1 lista para firmar un acuerdo con los opositores que permita alcanzar la estabilidad pol\u00edtica y econ\u00f3mica de la naci\u00f3n sudamericana.<\/p>\n<\/p>\n<p>Al respecto, el presidente dominicano, Danilo Medina, quien ha estado acompa\u00f1ado este proceso, indic\u00f3 esta semana que ambas partes confirmaron su asistencia a Santo Domingo.<\/p>\n<\/p>\n<p>Sin embargo, el gobierno bolivariano denunci\u00f3 los continuos intentos de la extrema derecha y gobiernos como el de Espa\u00f1a, Francia, Estados Unidos y sus aliados de Am\u00e9rica Latina de boicotear un posible arreglo entre las autoridades y la facci\u00f3n opositora venezolana.<\/p>\n<\/p>\n<p>Adem\u00e1s critic\u00f3 la falta de entendimiento en el seno de la derecha criolla sobre las conversaciones con el gobierno, lo cual, opin\u00f3, obstaculiza la concreci\u00f3n de un pacto que cierre ese cap\u00edtulo de la naci\u00f3n sudamericana.<\/p>\n<\/p>\n<p>Los medios noticiosos locales destacaron tambi\u00e9n la determinaci\u00f3n del presidente Nicol\u00e1s Maduro de resolver el conflicto mediante el di\u00e1logo, pues, detallaron, desde el 2013 el mandatario convoc\u00f3 a m\u00e1s de 400 encuentros a los opositores para sellar la paz.<\/p>\n<\/p>\n<p>arc\/lrd<\/p>\n<h6> 2018-01-27 15:59:07 <\/h6>\n<p><!--\n<link rel=\"stylesheet\" href=\"css\/bootstrap.min.css\">\n\n\n<ul class=\"pagination\">\n\t    \n\t\n\n<li >\n\t<a href='?page_no=6721'>Previous<\/a>\n\t<\/li>\n\n\n       \n    \n\n<li><a href='?page_no=1'>1<\/a><\/li>\n\n\n\n<li><a href='?page_no=2'>2<\/a><\/li>\n\n\n\n<li><a>...<\/a><\/li>\n\n\n\n<li><a href='?page_no=6720'>6720<\/a><\/li>\n\n\n\n<li><a href='?page_no=6721'>6721<\/a><\/li>\n\n\n\n<li class='active'><a>6722<\/a><\/li>\n\n\n\n<li><a href='?page_no=6723'>6723<\/a><\/li>\n\n\n\n<li><a href='?page_no=6724'>6724<\/a><\/li>\n\n\n\n<li><a>...<\/a><\/li>\n\n\n\n<li><a href='?page_no=36999'>36999<\/a><\/li>\n\n\n\n<li><a href='?page_no=37000'>37000<\/a><\/li>\n\n    \n\t\n\n<li >\n\t<a href='?page_no=6723'>Next<\/a>\n\t<\/li>\n\n\n    \n\n<li><a href='?page_no=37000'>Last &rsaquo;&rsaquo;<\/a><\/li>\n\n<\/ul>\n\n\n--><br \/>\n<\/body><\/p>\n","protected":false},"excerpt":{"rendered":"<p>Caracas, 27 ene (PL) La prensa venezolana resalt\u00f3 hoy la posibilidad de un posible acuerdo entre el gobierno y la oposici\u00f3n durante el encuentro que debe reanudarse ma\u00f1ana en Rep\u00fablica Dominicana. La Agencia Venezolana de Noticias record\u00f3 las recientes afirmaciones del vicepresidente Jorge Rodr\u00edguez sobre varios puntos acordados entre los dos sectores, como la celebraci\u00f3n [&hellip;]<\/p>\n","protected":false},"author":3,"featured_media":0,"comment_status":"open","ping_status":"open","sticky":false,"template":"","format":"standard","meta":{"footnotes":""},"categories":[22],"tags":[],"class_list":["post-171414","post","type-post","status-publish","format-standard","hentry","category-politica"],"_links":{"self":[{"href":"https:\/\/diariodominicano.com\/index.php?rest_route=\/wp\/v2\/posts\/171414","targetHints":{"allow":["GET"]}}],"collection":[{"href":"https:\/\/diariodominicano.com\/index.php?rest_route=\/wp\/v2\/posts"}],"about":[{"href":"https:\/\/diariodominicano.com\/index.php?rest_route=\/wp\/v2\/types\/post"}],"author":[{"embeddable":true,"href":"https:\/\/diariodominicano.com\/index.php?rest_route=\/wp\/v2\/users\/3"}],"replies":[{"embeddable":true,"href":"https:\/\/diariodominicano.com\/index.php?rest_route=%2Fwp%2Fv2%2Fcomments&post=171414"}],"version-history":[{"count":0,"href":"https:\/\/diariodominicano.com\/index.php?rest_route=\/wp\/v2\/posts\/171414\/revisions"}],"wp:attachment":[{"href":"https:\/\/diariodominicano.com\/index.php?rest_route=%2Fwp%2Fv2%2Fmedia&parent=171414"}],"wp:term":[{"taxonomy":"category","embeddable":true,"href":"https:\/\/diariodominicano.com\/index.php?rest_route=%2Fwp%2Fv2%2Fcategories&post=171414"},{"taxonomy":"post_tag","embeddable":true,"href":"https:\/\/diariodominicano.com\/index.php?rest_route=%2Fwp%2Fv2%2Ftags&post=171414"}],"curies":[{"name":"wp","href":"https:\/\/api.w.org\/{rel}","templated":true}]}}