{"id":171413,"date":"2018-01-27T16:11:53","date_gmt":"2018-01-27T16:11:53","guid":{"rendered":"http:\/\/diariodominicano.ddns.net\/?p=171413"},"modified":"2018-01-27T16:11:53","modified_gmt":"2018-01-27T16:11:53","slug":"frente-amplio-de-uruguay-rechazo-sentencia-contra-lula","status":"publish","type":"post","link":"https:\/\/diariodominicano.com\/?p=171413","title":{"rendered":"Frente Amplio de Uruguay rechaz\u00f3 sentencia contra Lula"},"content":{"rendered":"<p><body><\/p>\n<p><img decoding=\"async\" src=\"img3\/lula-frente-amplio.jpg\" \/><br \/><img decoding=\"async\" src=\"img3\/lula-frente-amplio.jpg\" \/>  <\/p>\n<p><strong> Montevideo, 27 ene (PL)<\/strong> El Frente Amplio (FA) de Uruguay rechaz\u00f3 la sentencia de primera instancia, su ratificaci\u00f3n y ampliaci\u00f3n a 12 a\u00f1os de c\u00e1rcel contra el expresidente brasile\u00f1o Luiz In\u00e1cio Lula da Silva y conden\u00f3 la imparcialidad del tribunal.<\/p>\n<\/p>\n<p>As\u00ed lo aprob\u00f3 la v\u00edspera por mayor\u00eda la Mesa Pol\u00edtica de la coalici\u00f3n de izquierda que consider\u00f3 que la &#8216;condena ha carecido de imparcialidad y de pruebas, violando las garant\u00edas del debido proceso&#8217;.<\/p>\n<\/p>\n<p>La declaraci\u00f3n del FA indic\u00f3 que la condena se inscribe &#8216;en la ofensiva&#8217; llevada adelante por la elite econ\u00f3mica, pol\u00edtica y comunicacional, la cual, con el respaldo de parte del sistema judicial, pretende afectar la imagen del liderazgo del Partido de los Trabajadores (PT).<\/p>\n<\/p>\n<p>Se\u00f1al\u00f3 que esa acci\u00f3n va dirigida a &#8216;retomar el control de las decisiones pol\u00edticas y econ\u00f3micas en Brasil&#8217; e imponer, como se ha venido haciendo desde la destituci\u00f3n de la expresidenta Dilma Rousseff, una pol\u00edtica que afecta los derechos de las grandes mayor\u00edas del pueblo brasilero.<\/p>\n<\/p>\n<p>Como corolario de dicha ofensiva, expuso la fuerza pol\u00edtica, persiguen el objetivo de impedir que Lula &#8216;pueda ser candidato en las pr\u00f3ximas elecciones&#8217; del mes de octubre.<\/p>\n<\/p>\n<p>El Frente Amplio manifest\u00f3 su preocupaci\u00f3n &#8216;por las consecuencias que trae aparejado para la regi\u00f3n la afectaci\u00f3n de la institucionalidad democr\u00e1tica en la hermana Rep\u00fablica de Brasil&#8217;.<\/p>\n<\/p>\n<p>Expres\u00f3 que una delegaci\u00f3n del FA viaj\u00f3 a Porto Alegre invitado por el PT, en concordancia con &#8216;las relaciones hist\u00f3ricas de amistad y solidaridad que nos vinculan desde largo tiempo atr\u00e1s&#8217;.<\/p>\n<\/p>\n<p>La apelaci\u00f3n presentada el jueves por la defensa de Lula ante un tribunal de segunda instancia en esa ciudad brasile\u00f1a no solo ratific\u00f3 la sanci\u00f3n dictada en julio 2017 por el juez Sergio Moro, sino que los tres magistrados actuantes la extendieron a 12 a\u00f1os sin presentar prueba alguna.<\/p>\n<\/p>\n<p>El exmandatario fue acusado por presunta corrupci\u00f3n pasiva y lavado de dinero el a\u00f1o pasado y recibi\u00f3 una sanci\u00f3n en primera instancia de nueve a\u00f1os y seis meses.<\/p>\n<\/p>\n<p>arc\/jcd<\/p>\n<h6> 2018-01-27 16:11:53 <\/h6>\n<p><!--\n<link rel=\"stylesheet\" href=\"css\/bootstrap.min.css\">\n\n\n<ul class=\"pagination\">\n\t    \n\t\n\n<li >\n\t<a href='?page_no=6720'>Previous<\/a>\n\t<\/li>\n\n\n       \n    \n\n<li><a href='?page_no=1'>1<\/a><\/li>\n\n\n\n<li><a href='?page_no=2'>2<\/a><\/li>\n\n\n\n<li><a>...<\/a><\/li>\n\n\n\n<li><a href='?page_no=6719'>6719<\/a><\/li>\n\n\n\n<li><a href='?page_no=6720'>6720<\/a><\/li>\n\n\n\n<li class='active'><a>6721<\/a><\/li>\n\n\n\n<li><a href='?page_no=6722'>6722<\/a><\/li>\n\n\n\n<li><a href='?page_no=6723'>6723<\/a><\/li>\n\n\n\n<li><a>...<\/a><\/li>\n\n\n\n<li><a href='?page_no=36999'>36999<\/a><\/li>\n\n\n\n<li><a href='?page_no=37000'>37000<\/a><\/li>\n\n    \n\t\n\n<li >\n\t<a href='?page_no=6722'>Next<\/a>\n\t<\/li>\n\n\n    \n\n<li><a href='?page_no=37000'>Last &rsaquo;&rsaquo;<\/a><\/li>\n\n<\/ul>\n\n\n--><br \/>\n<\/body><\/p>\n","protected":false},"excerpt":{"rendered":"<p>Montevideo, 27 ene (PL) El Frente Amplio (FA) de Uruguay rechaz\u00f3 la sentencia de primera instancia, su ratificaci\u00f3n y ampliaci\u00f3n a 12 a\u00f1os de c\u00e1rcel contra el expresidente brasile\u00f1o Luiz In\u00e1cio Lula da Silva y conden\u00f3 la imparcialidad del tribunal. As\u00ed lo aprob\u00f3 la v\u00edspera por mayor\u00eda la Mesa Pol\u00edtica de la coalici\u00f3n de izquierda [&hellip;]<\/p>\n","protected":false},"author":3,"featured_media":0,"comment_status":"open","ping_status":"open","sticky":false,"template":"","format":"standard","meta":{"footnotes":""},"categories":[22],"tags":[],"class_list":["post-171413","post","type-post","status-publish","format-standard","hentry","category-politica"],"_links":{"self":[{"href":"https:\/\/diariodominicano.com\/index.php?rest_route=\/wp\/v2\/posts\/171413","targetHints":{"allow":["GET"]}}],"collection":[{"href":"https:\/\/diariodominicano.com\/index.php?rest_route=\/wp\/v2\/posts"}],"about":[{"href":"https:\/\/diariodominicano.com\/index.php?rest_route=\/wp\/v2\/types\/post"}],"author":[{"embeddable":true,"href":"https:\/\/diariodominicano.com\/index.php?rest_route=\/wp\/v2\/users\/3"}],"replies":[{"embeddable":true,"href":"https:\/\/diariodominicano.com\/index.php?rest_route=%2Fwp%2Fv2%2Fcomments&post=171413"}],"version-history":[{"count":0,"href":"https:\/\/diariodominicano.com\/index.php?rest_route=\/wp\/v2\/posts\/171413\/revisions"}],"wp:attachment":[{"href":"https:\/\/diariodominicano.com\/index.php?rest_route=%2Fwp%2Fv2%2Fmedia&parent=171413"}],"wp:term":[{"taxonomy":"category","embeddable":true,"href":"https:\/\/diariodominicano.com\/index.php?rest_route=%2Fwp%2Fv2%2Fcategories&post=171413"},{"taxonomy":"post_tag","embeddable":true,"href":"https:\/\/diariodominicano.com\/index.php?rest_route=%2Fwp%2Fv2%2Ftags&post=171413"}],"curies":[{"name":"wp","href":"https:\/\/api.w.org\/{rel}","templated":true}]}}