{"id":171410,"date":"2018-01-27T23:49:27","date_gmt":"2018-01-27T23:49:27","guid":{"rendered":"http:\/\/diariodominicano.ddns.net\/?p=171410"},"modified":"2018-01-27T23:49:27","modified_gmt":"2018-01-27T23:49:27","slug":"abinader-reafirma-apoyo-a-convocatoria-de-la-marcha-verde","status":"publish","type":"post","link":"https:\/\/diariodominicano.com\/?p=171410","title":{"rendered":"&#13;&#13;Abinader reafirma apoyo a convocatoria de la Marcha Verde"},"content":{"rendered":"<p><body><\/p>\n<p><img decoding=\"async\" src=\"img3\/Abinader Luis00.jpg\" \/>  <\/p>\n<p><strong><span class=\"text1noticias\">SANTO DOMINGO, RD, 28 de enero de 2018.-<\/span><\/strong><span class=\"text1noticias\"> El ex candidato presidencial del Partido Revolucionario Moderno Luis Abinader, reafirm\u00f3 el s\u00e1bado su apoyo a la convocatoria a la manifestaci\u00f3n que har\u00e1 este domingo el movimiento Marcha Verde en \u00abcontra de la corrupci\u00f3n y la impunidad\u00bb.<\/span><\/p>\n<\/p>\n<p><span class=\"text1noticias\">En una nota de prensa, Abinader tambi\u00e9n  felicit\u00f3 al grupo \u00abpor su aviso de que la demostraci\u00f3n que har\u00e1 este domingo, como las realizadas antes, tendr\u00e1 car\u00e1cter ordenado, pac\u00edfico y familiar\u00bb.<\/span><\/p>\n<\/p>\n<p><span class=\"text1noticias\">\u00abComo dije durante mi participaci\u00f3n en la primera actividad de Marcha Verde, el 22 de enero del a\u00f1o pasado, ese movimiento marc\u00f3 un antes y un despu\u00e9s, un despertar del aletargamiento en que se encontraba el pueblo frente a las inconductas en la administraci\u00f3n p\u00fablica\u00bb.<\/span><\/p>\n<\/p>\n<p><span class=\"text1noticias\">Salud\u00f3 que la Marcha Verde haya coordinado con la Polic\u00eda Nacional la log\u00edstica y la seguridad de la manifestaci\u00f3n que tiene en agenda, lo que demuestra que \u00abes una sana y civilizada previsi\u00f3n\u00bb.<\/span><\/p>\n<\/p>\n<p><span class=\"text1noticias\">Consider\u00f3 \u00abSe trata de una muestra de civilidad que env\u00eda una clara se\u00f1al de que el di\u00e1logo es un instrumento efectivo para fortalecer la convivencia y armon\u00eda que deben prevalecer entre los diferentes actores de la vida nacional\u00bb.<\/span><\/p>\n<\/p>\n<p><span class=\"text1noticias\">Destac\u00f3 el  car\u00e1cter pac\u00edfico de las demostraciones de Marcha Verde, el orden que las caracteriza, as\u00ed como la creatividad de sus convocatorias a trav\u00e9s de las redes sociales de Internet, y sus objetivos de saneamiento de la administraci\u00f3n de los fondos p\u00fablicos y el cese de la impunidad en los actos de corrupci\u00f3n, y dijo  han sido parte del \u00e9xito de ese movimiento social<\/span><\/p>\n<\/p>\n<h6> 2018-01-27 23:49:27 <\/h6>\n<p><!--\n<link rel=\"stylesheet\" href=\"css\/bootstrap.min.css\">\n\n\n<ul class=\"pagination\">\n\t    \n\t\n\n<li >\n\t<a href='?page_no=6718'>Previous<\/a>\n\t<\/li>\n\n\n       \n    \n\n<li><a href='?page_no=1'>1<\/a><\/li>\n\n\n\n<li><a href='?page_no=2'>2<\/a><\/li>\n\n\n\n<li><a>...<\/a><\/li>\n\n\n\n<li><a href='?page_no=6717'>6717<\/a><\/li>\n\n\n\n<li><a href='?page_no=6718'>6718<\/a><\/li>\n\n\n\n<li class='active'><a>6719<\/a><\/li>\n\n\n\n<li><a href='?page_no=6720'>6720<\/a><\/li>\n\n\n\n<li><a href='?page_no=6721'>6721<\/a><\/li>\n\n\n\n<li><a>...<\/a><\/li>\n\n\n\n<li><a href='?page_no=36999'>36999<\/a><\/li>\n\n\n\n<li><a href='?page_no=37000'>37000<\/a><\/li>\n\n    \n\t\n\n<li >\n\t<a href='?page_no=6720'>Next<\/a>\n\t<\/li>\n\n\n    \n\n<li><a href='?page_no=37000'>Last &rsaquo;&rsaquo;<\/a><\/li>\n\n<\/ul>\n\n\n--><br \/>\n<\/body><\/p>\n","protected":false},"excerpt":{"rendered":"<p>SANTO DOMINGO, RD, 28 de enero de 2018.- El ex candidato presidencial del Partido Revolucionario Moderno Luis Abinader, reafirm\u00f3 el s\u00e1bado su apoyo a la convocatoria a la manifestaci\u00f3n que har\u00e1 este domingo el movimiento Marcha Verde en \u00abcontra de la corrupci\u00f3n y la impunidad\u00bb. En una nota de prensa, Abinader tambi\u00e9n felicit\u00f3 al grupo [&hellip;]<\/p>\n","protected":false},"author":3,"featured_media":0,"comment_status":"open","ping_status":"open","sticky":false,"template":"","format":"standard","meta":{"footnotes":""},"categories":[22],"tags":[],"class_list":["post-171410","post","type-post","status-publish","format-standard","hentry","category-politica"],"_links":{"self":[{"href":"https:\/\/diariodominicano.com\/index.php?rest_route=\/wp\/v2\/posts\/171410","targetHints":{"allow":["GET"]}}],"collection":[{"href":"https:\/\/diariodominicano.com\/index.php?rest_route=\/wp\/v2\/posts"}],"about":[{"href":"https:\/\/diariodominicano.com\/index.php?rest_route=\/wp\/v2\/types\/post"}],"author":[{"embeddable":true,"href":"https:\/\/diariodominicano.com\/index.php?rest_route=\/wp\/v2\/users\/3"}],"replies":[{"embeddable":true,"href":"https:\/\/diariodominicano.com\/index.php?rest_route=%2Fwp%2Fv2%2Fcomments&post=171410"}],"version-history":[{"count":0,"href":"https:\/\/diariodominicano.com\/index.php?rest_route=\/wp\/v2\/posts\/171410\/revisions"}],"wp:attachment":[{"href":"https:\/\/diariodominicano.com\/index.php?rest_route=%2Fwp%2Fv2%2Fmedia&parent=171410"}],"wp:term":[{"taxonomy":"category","embeddable":true,"href":"https:\/\/diariodominicano.com\/index.php?rest_route=%2Fwp%2Fv2%2Fcategories&post=171410"},{"taxonomy":"post_tag","embeddable":true,"href":"https:\/\/diariodominicano.com\/index.php?rest_route=%2Fwp%2Fv2%2Ftags&post=171410"}],"curies":[{"name":"wp","href":"https:\/\/api.w.org\/{rel}","templated":true}]}}