{"id":171407,"date":"2018-01-28T23:50:56","date_gmt":"2018-01-28T23:50:56","guid":{"rendered":"http:\/\/diariodominicano.ddns.net\/?p=171407"},"modified":"2018-01-28T23:50:56","modified_gmt":"2018-01-28T23:50:56","slug":"marcha-verde-ny-demanda-fin-corrupcion-e-impunidad-rd","status":"publish","type":"post","link":"https:\/\/diariodominicano.com\/?p=171407","title":{"rendered":"Marcha Verde NY demanda fin corrupci\u00f3n e impunidad RD"},"content":{"rendered":"<p><body><\/p>\n<p><img decoding=\"async\" src=\"img3\/marcha000.jpg\" \/>  <\/p>\n<\/p>\n<p><strong> <\/strong><\/p>\n<p><strong>Por Ram\u00f3n Mercedes<\/strong><\/p>\n<\/p>\n<p><strong> <\/strong><\/p>\n<p><strong>NUEVA YORK, 28de enero de 2018.- Un<\/strong> poco m\u00e1s de mil dominicanos marcharon junto a dirigentes de Marcha Verde este domingo en el Alto Manhattan demandando fin a la corrupci\u00f3n e impunidad en la Rep\u00fablica Dominicana.<\/p>\n<\/p>\n<\/p>\n<p>La marcha inici\u00f3 a eso de la 1:00 de la tarde en Broadway con la calle 157, recorriendo la avenida Saint Nicholas hasta finalizar en la calle 193.<\/p>\n<\/p>\n<\/p>\n<p>Durante el recorrido exhib\u00edan banderas dominicanas y verdes, vociferaban esl\u00f3ganes y pancartas con diferentes mensajes entre ellos \u00abc\u00e1rcel para los corruptos\u00bb, \u00abesos delincuentes fuera del palacio\u00bb, \u00absi no hay justicia para el pueblo no habr\u00e1 paz para el gobierno\u00bb.<\/p>\n<\/p>\n<\/p>\n<p>Elida Almonte y Radham\u00e9s Garc\u00eda quienes formaban parte de los coordinadores de la marcha, coincidieron en manifestar \u00abque el actual gobierno del presidente Danilo Medina y el de Leonel Fern\u00e1ndez han sido los m\u00e1s corruptos que ha tenido el pa\u00eds en toda su historia, cuya acci\u00f3n delictiva es apadrinada por el Partido de la Liberaci\u00f3n Dominicana (PLD)<\/p>\n<\/p>\n<\/p>\n<p>Mientras que Radhames P\u00e9rez, coordinador general de Alianza Pa\u00eds en los Estados Unidos y tambi\u00e9n coordinador del evento, expres\u00f3: \u00abNuevamente el movimiento Marcha Verde sale a las calles este domingo, al igual que en Dominicana, Miami y otras ciudades en Europa, para repudiar la mafia pol\u00edtica que controla el Estado nacional y a reclamar que Medina sea investigado por sus relaciones ilegales con la corrupta empresa Odebrecht\u00bb.<\/p>\n<\/p>\n<\/p>\n<p>\u00abAsimismo, esta acci\u00f3n ciudadana se da en el marco de la celebraci\u00f3n del primer aniversario de la hist\u00f3rica marcha anticorrupci\u00f3n del 22 de enero del 2017\u00bb, sostuvo P\u00e9rez.<\/p>\n<\/p>\n<\/p>\n<p>Otros dirigentes quedaron de entregar el manifiesto a este reportero pero no lo entregaron, no obstante comprometerse a ello.<\/p>\n<\/p>\n<\/p>\n<p>Todo transcurri\u00f3 en orden y con frecuencia se escuchaba decir a dominicanos que observaban pasar la marcha, \u00abfuera los ladrones del PLD, es Trujillo que viene ahora\u00bb.<\/p>\n<\/p>\n<\/p>\n<p>Varias unidades de la polic\u00eda de los precintos 33 y 34, bajo la direcci\u00f3n del capit\u00e1n de origen criollo Richard Brea acompa\u00f1aron a los protestantes.<\/p>\n<\/p>\n<\/p>\n<h6> 2018-01-28 23:50:56 <\/h6>\n<p><!--\n<link rel=\"stylesheet\" href=\"css\/bootstrap.min.css\">\n\n\n<ul class=\"pagination\">\n\t    \n\t\n\n<li >\n\t<a href='?page_no=6715'>Previous<\/a>\n\t<\/li>\n\n\n       \n    \n\n<li><a href='?page_no=1'>1<\/a><\/li>\n\n\n\n<li><a href='?page_no=2'>2<\/a><\/li>\n\n\n\n<li><a>...<\/a><\/li>\n\n\n\n<li><a href='?page_no=6714'>6714<\/a><\/li>\n\n\n\n<li><a href='?page_no=6715'>6715<\/a><\/li>\n\n\n\n<li class='active'><a>6716<\/a><\/li>\n\n\n\n<li><a href='?page_no=6717'>6717<\/a><\/li>\n\n\n\n<li><a href='?page_no=6718'>6718<\/a><\/li>\n\n\n\n<li><a>...<\/a><\/li>\n\n\n\n<li><a href='?page_no=36999'>36999<\/a><\/li>\n\n\n\n<li><a href='?page_no=37000'>37000<\/a><\/li>\n\n    \n\t\n\n<li >\n\t<a href='?page_no=6717'>Next<\/a>\n\t<\/li>\n\n\n    \n\n<li><a href='?page_no=37000'>Last &rsaquo;&rsaquo;<\/a><\/li>\n\n<\/ul>\n\n\n--><br \/>\n<\/body><\/p>\n","protected":false},"excerpt":{"rendered":"<p>Por Ram\u00f3n Mercedes NUEVA YORK, 28de enero de 2018.- Un poco m\u00e1s de mil dominicanos marcharon junto a dirigentes de Marcha Verde este domingo en el Alto Manhattan demandando fin a la corrupci\u00f3n e impunidad en la Rep\u00fablica Dominicana. La marcha inici\u00f3 a eso de la 1:00 de la tarde en Broadway con la calle [&hellip;]<\/p>\n","protected":false},"author":3,"featured_media":0,"comment_status":"open","ping_status":"open","sticky":false,"template":"","format":"standard","meta":{"footnotes":""},"categories":[22],"tags":[],"class_list":["post-171407","post","type-post","status-publish","format-standard","hentry","category-politica"],"_links":{"self":[{"href":"https:\/\/diariodominicano.com\/index.php?rest_route=\/wp\/v2\/posts\/171407","targetHints":{"allow":["GET"]}}],"collection":[{"href":"https:\/\/diariodominicano.com\/index.php?rest_route=\/wp\/v2\/posts"}],"about":[{"href":"https:\/\/diariodominicano.com\/index.php?rest_route=\/wp\/v2\/types\/post"}],"author":[{"embeddable":true,"href":"https:\/\/diariodominicano.com\/index.php?rest_route=\/wp\/v2\/users\/3"}],"replies":[{"embeddable":true,"href":"https:\/\/diariodominicano.com\/index.php?rest_route=%2Fwp%2Fv2%2Fcomments&post=171407"}],"version-history":[{"count":0,"href":"https:\/\/diariodominicano.com\/index.php?rest_route=\/wp\/v2\/posts\/171407\/revisions"}],"wp:attachment":[{"href":"https:\/\/diariodominicano.com\/index.php?rest_route=%2Fwp%2Fv2%2Fmedia&parent=171407"}],"wp:term":[{"taxonomy":"category","embeddable":true,"href":"https:\/\/diariodominicano.com\/index.php?rest_route=%2Fwp%2Fv2%2Fcategories&post=171407"},{"taxonomy":"post_tag","embeddable":true,"href":"https:\/\/diariodominicano.com\/index.php?rest_route=%2Fwp%2Fv2%2Ftags&post=171407"}],"curies":[{"name":"wp","href":"https:\/\/api.w.org\/{rel}","templated":true}]}}