{"id":171406,"date":"2018-01-29T00:35:33","date_gmt":"2018-01-29T00:35:33","guid":{"rendered":"http:\/\/diariodominicano.ddns.net\/?p=171406"},"modified":"2018-01-29T00:35:33","modified_gmt":"2018-01-29T00:35:33","slug":"marcha-verde-exige-cambios-en-poderes-publicos","status":"publish","type":"post","link":"https:\/\/diariodominicano.com\/?p=171406","title":{"rendered":"Marcha Verde exige  cambios en poderes p\u00fablicos"},"content":{"rendered":"<p><body><\/p>\n<p><img decoding=\"async\" src=\"img3\/476ff05f-marcha-verde-frente-al-palacio-nacional-kmota-223-150x150.jpg\" \/><br \/><img decoding=\"async\" src=\"img3\/1ee4e22b-proclama-150x150.jpg\" \/><br \/><img decoding=\"async\" src=\"img3\/caad1020-marcha-verde-frente-al-palacio-nacional-kmota-279-150x150.jpg\" \/>  <\/p>\n<\/p>\n<p><strong><span class=\"text1noticias\">SANTO DOMINGO, RD, 29 de enero de 2018.- A<\/span><\/strong><span class=\"text1noticias\"> partir del 11 de febrero el movimiento Marcha Verde iniciar\u00e1 una consulta ciudadana para evaluar la posibilidad de realizar paros pac\u00edficos municipales, provinciales y nacionales.<\/span><\/p>\n<p><span class=\"text1noticias\"> <\/span><\/p>\n<p><span class=\"text1noticias\">El anuncio fue hecho durante una concentraci\u00f3n en la intersecci\u00f3n de la avenida M\u00e9xico y la calle 30 de Marzo, en conmemoraci\u00f3n del primer aniversario del surgimiento del colectivo, en donde \u00abLos verdes\u00bb reiteraron su demanda de juicio pol\u00edtico contra el presidente Danilo Medina por sus supuestos v\u00ednculos con el caso Odebrecht y el asesor de campa\u00f1a, Joao Santana, condenado en Brasil, por corrupci\u00f3n y lavado de dinero.<\/span><\/p>\n<p><span class=\"text1noticias\"> <\/span><\/p>\n<p><span class=\"text1noticias\">En medio de duras consignas, presentaciones art\u00edsticas y un fuerte contingente policial que resguard\u00f3 todo el per\u00edmetro del Palacio Presidencial, los j\u00f3venes Geny Lozada y Jes\u00fas D\u00edaz, encargados de leer la proclama, exigieron iniciar las transformaciones constitucionales necesarias que garanticen la independencia pol\u00edtica, funcional y administrativa del Poder Judicial, el Ministerio P\u00fablico y la C\u00e1mara de Cuentas que permitan alcanzar el fin de la impunidad y la corrupci\u00f3n en el pa\u00eds.<\/span><\/p>\n<p><span class=\"text1noticias\"> <\/span><\/p>\n<p><span class=\"text1noticias\">Recuperaci\u00f3n de lo robado<\/span><\/p>\n<p><span class=\"text1noticias\"> <\/span><\/p>\n<p><span class=\"text1noticias\">Marcha Verde tambi\u00e9n exigi\u00f3 la recuperaci\u00f3n del dinero robado en los casos Odebrecht, Super Tucano, Oficina de Ingenieros Supervisores de Obras del Estado (OISOE), el Consejo Estatal del Az\u00facar (CEA), Los Tres Brazos, la Oficina Metropolitana de Servicios de Autobuses (OMSA), los equipos de la Junta Central Electoral, la supuesta mafia de los combustibles, la Oficina para el Reordenamiento del Transporte (OPRET), la venta de terrenos en Haina y Boca Chica a precios irrisorios y la condena efectiva de los responsables.<\/span><\/p>\n<p><span class=\"text1noticias\"> <\/span><\/p>\n<p><span class=\"text1noticias\">Ley de Partidos y Constituyente<\/span><\/p>\n<p><span class=\"text1noticias\"> <\/span><\/p>\n<p><span class=\"text1noticias\">Asimismo, exigi\u00f3 declarar de urgencia la aprobaci\u00f3n del nuevo marco normativo electoral, de partidos y agrupaciones pol\u00edticas que garantice la participaci\u00f3n democr\u00e1tica de la ciudadan\u00eda, la competencia electoral equitativa, el financiamiento transparente y controlado de las campa\u00f1as electorales, y un verdadero y dr\u00e1stico r\u00e9gimen de consecuencias penales, para el uso ilegal de los recursos del Estado.<\/span><\/p>\n<p><span class=\"text1noticias\"> <\/span><\/p>\n<p><span class=\"text1noticias\">Seg\u00fan la Marcha Verde, estas transformaciones deben hacerse de manera democr\u00e1tica a trav\u00e9s de una Asamblea Constituyente que permita \u00abtransformar las bases sobre las que se sostiene el actual r\u00e9gimen de corrupci\u00f3n e impunidad\u00bb.<\/span><\/p>\n<p><span class=\"text1noticias\"> <\/span><\/p>\n<p><span class=\"text1noticias\">\u00abNosotros nos sentimos en el d\u00eda de hoy muy satisfechos por la respuesta de la ciudadan\u00eda a esta convocatoria, por la firmeza, por la contundencia, y por la alegr\u00eda que estamos expresando en la calle y frente al Palacio Nacional\u00bb, resalt\u00f3 Carlos Pimentel, uno de los l\u00edderes del movimiento.<\/span><\/p>\n<p><span class=\"text1noticias\"> <\/span><\/p>\n<p><span class=\"text1noticias\">\u00abProcurador no tiene competencias\u00bb<\/span><\/p>\n<p><span class=\"text1noticias\"> <\/span><\/p>\n<p><span class=\"text1noticias\">\u00abEl procurador no tiene competencias, no tiene calidad para llevar la investigaci\u00f3n que vincula a miembros de su propio partido. Por eso, este anuncio de solicitar una extensi\u00f3n del plazo muestra que el acuerdo al que lleg\u00f3 la Procuradur\u00eda con la empresa Odebrecht, fue un acuerdo de impunidad\u00bb, dijo.<\/span><\/p>\n<p><span class=\"text1noticias\"> <\/span><\/p>\n<p><span class=\"text1noticias\">En ese sentido, dijo que para realizar una investigaci\u00f3n profunda se necesita otro procurador con capacidad, independencia pol\u00edtica y sobre todo, con la firmeza de presentar una acusaci\u00f3n que involucre a cualquier actor pol\u00edtico o representante de los grupos econ\u00f3micos del pa\u00eds, \u00aby Jean Alain Rodr\u00edguez no tiene esas capacidades, por eso el rezago en las investigaciones\u00bb, dijo.<\/span><\/p>\n<p><span class=\"text1noticias\"> <\/span><\/p>\n<p><span class=\"text1noticias\">Denuncian intento de deslucir acto <\/span><\/p>\n<p><span class=\"text1noticias\"> <\/span><\/p>\n<p><span class=\"text1noticias\">Durante el acto, los periodistas Huchi Lora y Altagracia Salazar agotaron turnos para denunciar que grupos vinculados al Gobierno hab\u00edan intentado deslucir y desacreditar la actividad distribuyendo volantes con mensajes divorciados de los objetivos de la Marcha Verde, as\u00ed como con la infiltraci\u00f3n de personas ligadas a actividades delictivas.<\/span><\/p>\n<p><span class=\"text1noticias\"> <\/span><\/p>\n<p><span class=\"text1noticias\">Lora dej\u00f3 claro que el \u00fanico prop\u00f3sito de la Marcha Verde es alcanzar una justicia independiente para lograr el fin de la corrupci\u00f3n y la impunidad e inst\u00f3 al presidente Danilo Medina a emular el ejemplo del patricio Juan Pablo Duarte, que rindi\u00f3 cuentas de todo cuanto gast\u00f3 en la lucha independentista.<\/span><\/p>\n<p><span class=\"text1noticias\"> <\/span><\/p>\n<p><span class=\"text1noticias\">Asimismo, denunci\u00f3 la intenci\u00f3n de Ramfis Dom\u00ednguez, nieto del dictador Rafael Le\u00f3nidas Trujillo, de participar en la actividad, tras afirmar \u00abese no cabe aqu\u00ed\u00bb, provocando un fuerte aplauso de los presentes.<\/span><\/p>\n<p><span class=\"text1noticias\"> <\/span><\/p>\n<p><span class=\"text1noticias\">Como en las anteriores manifestaciones de Marcha Verde, hicieron acto de presencia, l\u00edderes de algunos partidos pol\u00edticos como Guillermo Moreno, de Alianza Pa\u00eds y Narciso Isa Conde, de la Fuerza de la Revoluci\u00f3n; el diputado Fidelio Despradel, el dirigente perreme\u00edsta Leonardo Fa\u00f1a, los exdiputados Minou Tav\u00e1rez Mirabal, Guadalupe Valdez y Manuel Jim\u00e9nez.<\/span><\/p>\n<p><span class=\"text1noticias\"> <\/span><\/p>\n<p><span class=\"text1noticias\">Advierte que se mantendr\u00e1 en las calles<\/span><\/p>\n<p><span class=\"text1noticias\"> <\/span><\/p>\n<p><span class=\"text1noticias\">La actividad que se prolong\u00f3 por alrededor de dos horas, se desarroll\u00f3 de forma pac\u00edfica y ordenada con la participaci\u00f3n de familias con ni\u00f1os, ancianos y discapacitados. El colectivo, advirti\u00f3 que seguir\u00e1 en las calles y que intensificar\u00e1 las formas y herramientas de lucha hasta alcanzar el fin de la impunidad. \u00abMarcha Verde asume la lucha de todos los dominicanos, dominicanas y organizaciones que se movilizan por mejores condiciones de salud, educaci\u00f3n, alimentaci\u00f3n, agua, medio ambiente y libertades p\u00fablicas\u00bb.<\/span><\/p>\n<p><span class=\"text1noticias\"> <\/span><\/p>\n<p><span class=\"text1noticias\">12 meses<\/span><\/p>\n<p><span class=\"text1noticias\">Movilizaci\u00f3n Durante un a\u00f1o la Marcha Verde ha realizado marchas, caminatas y foros en reclamo del fin de la impunidad. (elCaribe\/Mar\u00eda Teresa Morel  |  29 enero, 2018)<\/span><\/p>\n<\/p>\n<\/p>\n<h6> 2018-01-29 00:35:33 <\/h6>\n<p><!--\n<link rel=\"stylesheet\" href=\"css\/bootstrap.min.css\">\n\n\n<ul class=\"pagination\">\n\t    \n\t\n\n<li >\n\t<a href='?page_no=6714'>Previous<\/a>\n\t<\/li>\n\n\n       \n    \n\n<li><a href='?page_no=1'>1<\/a><\/li>\n\n\n\n<li><a href='?page_no=2'>2<\/a><\/li>\n\n\n\n<li><a>...<\/a><\/li>\n\n\n\n<li><a href='?page_no=6713'>6713<\/a><\/li>\n\n\n\n<li><a href='?page_no=6714'>6714<\/a><\/li>\n\n\n\n<li class='active'><a>6715<\/a><\/li>\n\n\n\n<li><a href='?page_no=6716'>6716<\/a><\/li>\n\n\n\n<li><a href='?page_no=6717'>6717<\/a><\/li>\n\n\n\n<li><a>...<\/a><\/li>\n\n\n\n<li><a href='?page_no=36999'>36999<\/a><\/li>\n\n\n\n<li><a href='?page_no=37000'>37000<\/a><\/li>\n\n    \n\t\n\n<li >\n\t<a href='?page_no=6716'>Next<\/a>\n\t<\/li>\n\n\n    \n\n<li><a href='?page_no=37000'>Last &rsaquo;&rsaquo;<\/a><\/li>\n\n<\/ul>\n\n\n--><br \/>\n<\/body><\/p>\n","protected":false},"excerpt":{"rendered":"<p>SANTO DOMINGO, RD, 29 de enero de 2018.- A partir del 11 de febrero el movimiento Marcha Verde iniciar\u00e1 una consulta ciudadana para evaluar la posibilidad de realizar paros pac\u00edficos municipales, provinciales y nacionales. El anuncio fue hecho durante una concentraci\u00f3n en la intersecci\u00f3n de la avenida M\u00e9xico y la calle 30 de Marzo, en [&hellip;]<\/p>\n","protected":false},"author":3,"featured_media":0,"comment_status":"open","ping_status":"open","sticky":false,"template":"","format":"standard","meta":{"footnotes":""},"categories":[22],"tags":[],"class_list":["post-171406","post","type-post","status-publish","format-standard","hentry","category-politica"],"_links":{"self":[{"href":"https:\/\/diariodominicano.com\/index.php?rest_route=\/wp\/v2\/posts\/171406","targetHints":{"allow":["GET"]}}],"collection":[{"href":"https:\/\/diariodominicano.com\/index.php?rest_route=\/wp\/v2\/posts"}],"about":[{"href":"https:\/\/diariodominicano.com\/index.php?rest_route=\/wp\/v2\/types\/post"}],"author":[{"embeddable":true,"href":"https:\/\/diariodominicano.com\/index.php?rest_route=\/wp\/v2\/users\/3"}],"replies":[{"embeddable":true,"href":"https:\/\/diariodominicano.com\/index.php?rest_route=%2Fwp%2Fv2%2Fcomments&post=171406"}],"version-history":[{"count":0,"href":"https:\/\/diariodominicano.com\/index.php?rest_route=\/wp\/v2\/posts\/171406\/revisions"}],"wp:attachment":[{"href":"https:\/\/diariodominicano.com\/index.php?rest_route=%2Fwp%2Fv2%2Fmedia&parent=171406"}],"wp:term":[{"taxonomy":"category","embeddable":true,"href":"https:\/\/diariodominicano.com\/index.php?rest_route=%2Fwp%2Fv2%2Fcategories&post=171406"},{"taxonomy":"post_tag","embeddable":true,"href":"https:\/\/diariodominicano.com\/index.php?rest_route=%2Fwp%2Fv2%2Ftags&post=171406"}],"curies":[{"name":"wp","href":"https:\/\/api.w.org\/{rel}","templated":true}]}}