{"id":171405,"date":"2018-01-29T01:11:11","date_gmt":"2018-01-29T01:11:11","guid":{"rendered":"http:\/\/diariodominicano.ddns.net\/?p=171405"},"modified":"2018-01-29T01:11:11","modified_gmt":"2018-01-29T01:11:11","slug":"ivan-ernesto-gaton-advierte-la-comunidad-internacional-irresponsablemente-le-ha-dejado-a-rd-el-problema-haitiano","status":"publish","type":"post","link":"https:\/\/diariodominicano.com\/?p=171405","title":{"rendered":"Iv\u00e1n Ernesto Gat\u00f3n advierte la comunidad internacional \u00abirresponsablemente\u00bb le ha dejado a RD el problema haitiano"},"content":{"rendered":"<p><body><\/p>\n<p><img decoding=\"async\" src=\"img3\/Ivan Gaton000.jpg\" \/>  <\/p>\n<p> i<\/p>\n<p><strong> <\/strong><\/p>\n<p><strong>SANTO DOMINGO, RD, 28 de enero de 2018.-<\/strong> El experto en relaciones internacionales, doctor Iv\u00e1n Ernesto Gat\u00f3n,  advirti\u00f3 que la comunidad internacional \u00abirresponsablemente\u00bb le ha dejado a la Rep\u00fablica Dominicana el problema haitiano, porque ha visto la lenidad, pasividad y el contubernio de algunos sectores frente al problema.<\/p>\n<\/p>\n<\/p>\n<p><strong>Entrevistado por el periodista Federico M\u00e9ndez, en el programa Esferas de Poder, que se transmite domingo de 5:00 a 6:00 de la tarde, por Santo Domingo TV, consider\u00f3 la Espada de Dam\u00f3cles del pueblo dominicano es la desgracia haitiana.<\/strong><\/p>\n<p><strong> <\/strong><\/p>\n<\/p>\n<p>\u00abEsa es, lamentablemente, la realidad de un pueblo hermano, porque son seres humanos, de un pueblo que la comunidad internacional irresponsablemente le ha dejado el problema a Rep\u00fablica Dominicana, pero se lo ha dejado tambi\u00e9n porque ha visto la lenidad, la pasividad, el contubernio de algunos sectores que no se han dado cuenta de que la Espada de Dam\u00f3cles del pueblo dominicano es la desgracia haitiana\u00bb.<\/p>\n<\/p>\n<\/p>\n<p>Expuso que el haitiano no puede ir a Cuba porque lo devuelven, ni a la isla Bahamas, donde lo encierran como si fuese un campo de concentraci\u00f3n y despu\u00e9s lo regresan a su pa\u00eds y ni siquiera pueden pisar una provincia de ultramar francesa, como Martinica o Guadalupe.<\/p>\n<\/p>\n<\/p>\n<p><strong>Indic\u00f3 que a Hait\u00ed le ingresan recursos a trav\u00e9s de la migraci\u00f3n que est\u00e1 en el extranjero.<\/strong><\/p>\n<\/p>\n<\/p>\n<p>Gat\u00f3n asegura que la gente no se imagina el panorama que vive la vecina naci\u00f3n, donde puede recorrerse amplios kil\u00f3metros y no encontrar un \u00e1rbol en el trayecto.<\/p>\n<\/p>\n<p>Dijo que la \u00e9lite pol\u00edtica y econ\u00f3mica haitiana no ha articulado una estructura ni siquiera de salud y educaci\u00f3n m\u00ednima para la poblaci\u00f3n.<\/p>\n<\/p>\n<\/p>\n<p>\u00abTodo esto radica en un c\u00e1ncer que ha hecho met\u00e1stasis en la institucionalidad de la Rep\u00fablica Dominicana, porque esto es un tema de institucionalidad\u00bb, sostuvo.<\/p>\n<\/p>\n<\/p>\n<p>Gat\u00f3n afirm\u00f3 que el pa\u00eds cuenta con una ley migratoria y tiene identificado cu\u00e1les son los instrumentos que el Estado tiene que utilizar para la ejecuci\u00f3n de una buena pol\u00edtica migratoria, donde no hay sobresalto.<\/p>\n<\/p>\n<\/p>\n<p>Atribuye a una debilidad institucional se constituya en una piedra en el camino para que la pol\u00edtica migratoria se vea como una casa donde pueden entrar los haitianos sin ning\u00fan requisito.<\/p>\n<\/p>\n<\/p>\n<p>\u00abEstamos hablando de que en Hait\u00ed, el promedio de parto es de cuatro por mujeres y Hait\u00ed necesita buscarle espacio a una poblaci\u00f3n que es la misma que la de Rep\u00fablica Dominicana\u00bb, subray\u00f3.<\/p>\n<\/p>\n<p>El experto estim\u00f3 que Hait\u00ed tiene un 1.8% de su superficie cultivable para esa poblaci\u00f3n.<\/p>\n<\/p>\n<\/p>\n<\/p>\n<h6> 2018-01-29 01:11:11 <\/h6>\n<p><!--\n<link rel=\"stylesheet\" href=\"css\/bootstrap.min.css\">\n\n\n<ul class=\"pagination\">\n\t    \n\t\n\n<li >\n\t<a href='?page_no=6713'>Previous<\/a>\n\t<\/li>\n\n\n       \n    \n\n<li><a href='?page_no=1'>1<\/a><\/li>\n\n\n\n<li><a href='?page_no=2'>2<\/a><\/li>\n\n\n\n<li><a>...<\/a><\/li>\n\n\n\n<li><a href='?page_no=6712'>6712<\/a><\/li>\n\n\n\n<li><a href='?page_no=6713'>6713<\/a><\/li>\n\n\n\n<li class='active'><a>6714<\/a><\/li>\n\n\n\n<li><a href='?page_no=6715'>6715<\/a><\/li>\n\n\n\n<li><a href='?page_no=6716'>6716<\/a><\/li>\n\n\n\n<li><a>...<\/a><\/li>\n\n\n\n<li><a href='?page_no=36999'>36999<\/a><\/li>\n\n\n\n<li><a href='?page_no=37000'>37000<\/a><\/li>\n\n    \n\t\n\n<li >\n\t<a href='?page_no=6715'>Next<\/a>\n\t<\/li>\n\n\n    \n\n<li><a href='?page_no=37000'>Last &rsaquo;&rsaquo;<\/a><\/li>\n\n<\/ul>\n\n\n--><br \/>\n<\/body><\/p>\n","protected":false},"excerpt":{"rendered":"<p>i SANTO DOMINGO, RD, 28 de enero de 2018.- El experto en relaciones internacionales, doctor Iv\u00e1n Ernesto Gat\u00f3n, advirti\u00f3 que la comunidad internacional \u00abirresponsablemente\u00bb le ha dejado a la Rep\u00fablica Dominicana el problema haitiano, porque ha visto la lenidad, pasividad y el contubernio de algunos sectores frente al problema. Entrevistado por el periodista Federico M\u00e9ndez, [&hellip;]<\/p>\n","protected":false},"author":3,"featured_media":0,"comment_status":"open","ping_status":"open","sticky":false,"template":"","format":"standard","meta":{"footnotes":""},"categories":[22],"tags":[],"class_list":["post-171405","post","type-post","status-publish","format-standard","hentry","category-politica"],"_links":{"self":[{"href":"https:\/\/diariodominicano.com\/index.php?rest_route=\/wp\/v2\/posts\/171405","targetHints":{"allow":["GET"]}}],"collection":[{"href":"https:\/\/diariodominicano.com\/index.php?rest_route=\/wp\/v2\/posts"}],"about":[{"href":"https:\/\/diariodominicano.com\/index.php?rest_route=\/wp\/v2\/types\/post"}],"author":[{"embeddable":true,"href":"https:\/\/diariodominicano.com\/index.php?rest_route=\/wp\/v2\/users\/3"}],"replies":[{"embeddable":true,"href":"https:\/\/diariodominicano.com\/index.php?rest_route=%2Fwp%2Fv2%2Fcomments&post=171405"}],"version-history":[{"count":0,"href":"https:\/\/diariodominicano.com\/index.php?rest_route=\/wp\/v2\/posts\/171405\/revisions"}],"wp:attachment":[{"href":"https:\/\/diariodominicano.com\/index.php?rest_route=%2Fwp%2Fv2%2Fmedia&parent=171405"}],"wp:term":[{"taxonomy":"category","embeddable":true,"href":"https:\/\/diariodominicano.com\/index.php?rest_route=%2Fwp%2Fv2%2Fcategories&post=171405"},{"taxonomy":"post_tag","embeddable":true,"href":"https:\/\/diariodominicano.com\/index.php?rest_route=%2Fwp%2Fv2%2Ftags&post=171405"}],"curies":[{"name":"wp","href":"https:\/\/api.w.org\/{rel}","templated":true}]}}