{"id":171402,"date":"2018-01-29T22:22:13","date_gmt":"2018-01-29T22:22:13","guid":{"rendered":"http:\/\/diariodominicano.ddns.net\/?p=171402"},"modified":"2018-01-29T22:22:13","modified_gmt":"2018-01-29T22:22:13","slug":"dialogo-entre-venezolanos-continua-este-martes","status":"publish","type":"post","link":"https:\/\/diariodominicano.com\/?p=171402","title":{"rendered":"Di\u00e1logo entre venezolanos contin\u00faa este martes"},"content":{"rendered":"<p><body><\/p>\n<p><img decoding=\"async\" src=\"img3\/201801300103551.jpg\" \/>  <\/p>\n<p><strong>En la reuni\u00f3n de hoy participaron adem\u00e1s de las delegaciones del gobierno y la oposici\u00f3n venezolana, el presidente dominicano, Danilo Medina; el expresidente del gobierno espa\u00f1ol Jos\u00e9 Luis Rodr\u00edguez Zapatero; el canciller, Miguel Vargas; y los acompa\u00f1antes de Chile, Bolivia, Nicaragua y San Vicente y las Granadinas.<\/strong><\/p>\n<\/p>\n<p><strong>Santo Domingo, 29 ene (PL)<\/strong> El di\u00e1logo entre el gobierno y la oposici\u00f3n venezolana convocado para hoy en esta capital, continuar\u00e1 ma\u00f1ana martes a las 09:00, hora local, inform\u00f3 a la prensa el portavoz de la Presidencia dominicana, Roberto Rodr\u00edguez.<\/p>\n<\/p>\n<p>Este lunes las partes involucradas en las conversaciones estuvieron reunidas a puertas cerradas por m\u00e1s de seis horas, hubo un receso e iban a continuar a las 21:00 horas pero posteriormente anunciaron su posposici\u00f3n.<\/p>\n<\/p>\n<p>Durante el anuncio, Rodr\u00edguez se\u00f1al\u00f3 que ambas partes convinieron volver a reunirse porque al parecer, necesitan trabajar m\u00e1s, por eso decidieron reencontrarse ma\u00f1ana. Esas cosas toman tiempo y debemos comprender la situaci\u00f3n, dijo.<\/p>\n<\/p>\n<p>Ambas partes desean un acuerdo, por esa raz\u00f3n est\u00e1n reunidos en Rep\u00fablica Dominicana, &#8216;es lo mejor que puede suceder para Venezuela y por eso est\u00e1n aqu\u00ed&#8217;, agreg\u00f3. La delegaci\u00f3n del gobierno venezolano a su llegada este lunes a la reuni\u00f3n se mostr\u00f3 optimista y su jefe, Jorge Rodr\u00edguez, expres\u00f3: &#8216;somos gente de paz y de di\u00e1logo, estamos listos para lograr un acuerdo con los sectores de la oposici\u00f3n presentes hoy aqu\u00ed&#8217;.<\/p>\n<\/p>\n<p>Con esta posposici\u00f3n, se extiende el comp\u00e1s de espera para quienes esperan que surja de este di\u00e1logo un acuerdo de convivencia pac\u00edfica y paz para Venezuela.<\/p>\n<\/p>\n<p>En la reuni\u00f3n de hoy participaron adem\u00e1s de las delegaciones del gobierno y la oposici\u00f3n venezolana, el presidente dominicano, Danilo Medina; el expresidente del gobierno espa\u00f1ol Jos\u00e9 Luis Rodr\u00edguez Zapatero; el canciller, Miguel Vargas; y los acompa\u00f1antes de Chile, Bolivia, Nicaragua y San Vicente y las Granadinas.<\/p>\n<\/p>\n<p>agp\/ema<\/p>\n<h6> 2018-01-29 22:22:13 <\/h6>\n<p><!--\n<link rel=\"stylesheet\" href=\"css\/bootstrap.min.css\">\n\n\n<ul class=\"pagination\">\n\t    \n\t\n\n<li >\n\t<a href='?page_no=6710'>Previous<\/a>\n\t<\/li>\n\n\n       \n    \n\n<li><a href='?page_no=1'>1<\/a><\/li>\n\n\n\n<li><a href='?page_no=2'>2<\/a><\/li>\n\n\n\n<li><a>...<\/a><\/li>\n\n\n\n<li><a href='?page_no=6709'>6709<\/a><\/li>\n\n\n\n<li><a href='?page_no=6710'>6710<\/a><\/li>\n\n\n\n<li class='active'><a>6711<\/a><\/li>\n\n\n\n<li><a href='?page_no=6712'>6712<\/a><\/li>\n\n\n\n<li><a href='?page_no=6713'>6713<\/a><\/li>\n\n\n\n<li><a>...<\/a><\/li>\n\n\n\n<li><a href='?page_no=36999'>36999<\/a><\/li>\n\n\n\n<li><a href='?page_no=37000'>37000<\/a><\/li>\n\n    \n\t\n\n<li >\n\t<a href='?page_no=6712'>Next<\/a>\n\t<\/li>\n\n\n    \n\n<li><a href='?page_no=37000'>Last &rsaquo;&rsaquo;<\/a><\/li>\n\n<\/ul>\n\n\n--><br \/>\n<\/body><\/p>\n","protected":false},"excerpt":{"rendered":"<p>En la reuni\u00f3n de hoy participaron adem\u00e1s de las delegaciones del gobierno y la oposici\u00f3n venezolana, el presidente dominicano, Danilo Medina; el expresidente del gobierno espa\u00f1ol Jos\u00e9 Luis Rodr\u00edguez Zapatero; el canciller, Miguel Vargas; y los acompa\u00f1antes de Chile, Bolivia, Nicaragua y San Vicente y las Granadinas. Santo Domingo, 29 ene (PL) El di\u00e1logo entre [&hellip;]<\/p>\n","protected":false},"author":3,"featured_media":0,"comment_status":"open","ping_status":"open","sticky":false,"template":"","format":"standard","meta":{"footnotes":""},"categories":[22],"tags":[],"class_list":["post-171402","post","type-post","status-publish","format-standard","hentry","category-politica"],"_links":{"self":[{"href":"https:\/\/diariodominicano.com\/index.php?rest_route=\/wp\/v2\/posts\/171402","targetHints":{"allow":["GET"]}}],"collection":[{"href":"https:\/\/diariodominicano.com\/index.php?rest_route=\/wp\/v2\/posts"}],"about":[{"href":"https:\/\/diariodominicano.com\/index.php?rest_route=\/wp\/v2\/types\/post"}],"author":[{"embeddable":true,"href":"https:\/\/diariodominicano.com\/index.php?rest_route=\/wp\/v2\/users\/3"}],"replies":[{"embeddable":true,"href":"https:\/\/diariodominicano.com\/index.php?rest_route=%2Fwp%2Fv2%2Fcomments&post=171402"}],"version-history":[{"count":0,"href":"https:\/\/diariodominicano.com\/index.php?rest_route=\/wp\/v2\/posts\/171402\/revisions"}],"wp:attachment":[{"href":"https:\/\/diariodominicano.com\/index.php?rest_route=%2Fwp%2Fv2%2Fmedia&parent=171402"}],"wp:term":[{"taxonomy":"category","embeddable":true,"href":"https:\/\/diariodominicano.com\/index.php?rest_route=%2Fwp%2Fv2%2Fcategories&post=171402"},{"taxonomy":"post_tag","embeddable":true,"href":"https:\/\/diariodominicano.com\/index.php?rest_route=%2Fwp%2Fv2%2Ftags&post=171402"}],"curies":[{"name":"wp","href":"https:\/\/api.w.org\/{rel}","templated":true}]}}