{"id":171401,"date":"2018-01-30T06:56:10","date_gmt":"2018-01-30T06:56:10","guid":{"rendered":"http:\/\/diariodominicano.ddns.net\/?p=171401"},"modified":"2018-01-30T06:56:10","modified_gmt":"2018-01-30T06:56:10","slug":"donald-trump-pronunciara-su-primer-discurso-sobre-estado-de-la-union","status":"publish","type":"post","link":"https:\/\/diariodominicano.com\/?p=171401","title":{"rendered":"Donald Trump pronunciar\u00e1 su primer discurso sobre estado de la Uni\u00f3n"},"content":{"rendered":"<p><body><\/p>\n<p><img decoding=\"async\" src=\"img3\/Donald-Trump.jpg\" \/>  <\/p>\n<p><strong> Washington, 30 ene (PL)<\/strong> El presidente Donald Trump pronunciar\u00e1 hoy su primer discurso sobre el Estado de la Uni\u00f3n, en el que pasar\u00e1 balance a su tempestuoso primer a\u00f1o en la Casa Blanca y trazar\u00e1 las directrices de la pol\u00edtica dom\u00e9stica y externa para 2018.<\/p>\n<\/p>\n<p>Con un 35 por ciento de respaldo a su gesti\u00f3n, el mandatario intentar\u00e1 minimizar los m\u00faltiples esc\u00e1ndalos que matizan su gobierno y ampliar el respaldo de la base electoral que lo llev\u00f3 a la mansi\u00f3n ejecutiva. Pero resultar\u00e1 dif\u00edcil obviar el cierre parcial de la administraci\u00f3n, la cancelaci\u00f3n de pactos multilaterales, las acusaciones sobre la supuesta injerencia de funcionarios rusos en los comicios de 2016 y los recientes reportes de que Trump intent\u00f3 despedir al fiscal especial Robert Mueller.<\/p>\n<\/p>\n<p>Un art\u00edculo en el sitio digital The Hill esboz\u00f3 l\u00edneas fundamentales en las cuales deber\u00e1 insistir el jefe de la Casa Blanca: inmigraci\u00f3n, plan de infraestructura, estado de la econom\u00eda y elecciones de medio t\u00e9rmino. Seg\u00fan un funcionario que solicit\u00f3 el anonimato, el l\u00edder del Ejecutivo usar\u00e1 parte del discurso para defender un marco legislativo a partir del cual se puedan impulsar las estancadas negociaciones sobre el tema migratorio.<\/p>\n<\/p>\n<p>Si es aprobada por el Capitolio, la iniciativa dar\u00eda la posibilidad de obtener la ciudadan\u00eda a los 690 mil aspirantes a recibir los beneficios del programa de Acci\u00f3n Diferida para los Llegados en la Infancia, que instaur\u00f3 el mandatario Barack Obama en 2012, pero fue eliminado por Trump en septiembre de 2017.<\/p>\n<\/p>\n<p>Pero a cambio el Congreso tendr\u00eda que avalar un fondo de 25 mil millones de d\u00f3lares para garantizar la seguridad en las fronteras, incluyendo la construcci\u00f3n del muro con M\u00e9xico, permitir el incremento de la persecuci\u00f3n contra los indocumentados y acelerar las deportaciones.<\/p>\n<\/p>\n<p>Legisladores, activistas y grupos defensores de los inmigrantes estiman que la propuesta del presidente constituye un esfuerzo por sabotear las negociaciones bipartidistas sobre esta tem\u00e1tica e imponer la aprobaci\u00f3n de una serie de deseos de los sectores m\u00e1s recalcitrantes de la sociedad norteamericana.<\/p>\n<\/p>\n<p>Asimismo, el mandatario detallar\u00e1 su propuesta de un bill\u00f3n de d\u00f3lares para reconstruir carreteras, puentes y sistemas de tr\u00e1nsito de la naci\u00f3n, tema en el cual cree obtendr\u00e1 &#8216;un amplio respaldo bipartidista&#8217;, de acuerdo con otra fuente que pidi\u00f3 el anonimato.<\/p>\n<\/p>\n<p>Los titulares de 2018 no han sido amables con Trump, en medio de diferentes reportes que cuestionan su estado mental y las declaraciones racistas sobre pa\u00edses africanos y latinoamericanos.<\/p>\n<\/p>\n<p>Por ello, intentar\u00e1 reenfocar la atenci\u00f3n en el comportamiento de la econom\u00eda, la tasa de desempleo en apenas un cuatro por ciento, la rebaja de impuestos y el progresivo aumento de los salarios, coment\u00f3 The Hill.<\/p>\n<\/p>\n<p>Si bien Trump no debe llamar a votar abiertamente por los republicanos durante las elecciones legislativas de noviembre, una de sus metas ser\u00e1 convencer de que la formaci\u00f3n roja y sus l\u00edderes en el Capitolio han producido resultados positivos.<\/p>\n<\/p>\n<p>La mayor\u00eda de los presidentes usan el discurso del Estado de la Uni\u00f3n para llegar m\u00e1s all\u00e1 de su base, a las personas que no votaron por ellos, algo que el magnate inmobiliario no ha hecho con frecuencia durante su primer a\u00f1o en el cargo.<\/p>\n<\/p>\n<p>Pero Trump es un presidente no tradicional y podr\u00eda intentar sacudir el formato de uno de los rituales pol\u00edticos m\u00e1s antiguos de Estados Unidos, observ\u00f3 la publicaci\u00f3n.<\/p>\n<\/p>\n<p>agp\/lr\/cvl<\/p>\n<h6> 2018-01-30 06:56:10 <\/h6>\n<p><!--\n<link rel=\"stylesheet\" href=\"css\/bootstrap.min.css\">\n\n\n<ul class=\"pagination\">\n\t    \n\t\n\n<li >\n\t<a href='?page_no=6709'>Previous<\/a>\n\t<\/li>\n\n\n       \n    \n\n<li><a href='?page_no=1'>1<\/a><\/li>\n\n\n\n<li><a href='?page_no=2'>2<\/a><\/li>\n\n\n\n<li><a>...<\/a><\/li>\n\n\n\n<li><a href='?page_no=6708'>6708<\/a><\/li>\n\n\n\n<li><a href='?page_no=6709'>6709<\/a><\/li>\n\n\n\n<li class='active'><a>6710<\/a><\/li>\n\n\n\n<li><a href='?page_no=6711'>6711<\/a><\/li>\n\n\n\n<li><a href='?page_no=6712'>6712<\/a><\/li>\n\n\n\n<li><a>...<\/a><\/li>\n\n\n\n<li><a href='?page_no=36999'>36999<\/a><\/li>\n\n\n\n<li><a href='?page_no=37000'>37000<\/a><\/li>\n\n    \n\t\n\n<li >\n\t<a href='?page_no=6711'>Next<\/a>\n\t<\/li>\n\n\n    \n\n<li><a href='?page_no=37000'>Last &rsaquo;&rsaquo;<\/a><\/li>\n\n<\/ul>\n\n\n--><br \/>\n<\/body><\/p>\n","protected":false},"excerpt":{"rendered":"<p>Washington, 30 ene (PL) El presidente Donald Trump pronunciar\u00e1 hoy su primer discurso sobre el Estado de la Uni\u00f3n, en el que pasar\u00e1 balance a su tempestuoso primer a\u00f1o en la Casa Blanca y trazar\u00e1 las directrices de la pol\u00edtica dom\u00e9stica y externa para 2018. Con un 35 por ciento de respaldo a su gesti\u00f3n, [&hellip;]<\/p>\n","protected":false},"author":3,"featured_media":0,"comment_status":"open","ping_status":"open","sticky":false,"template":"","format":"standard","meta":{"footnotes":""},"categories":[22],"tags":[],"class_list":["post-171401","post","type-post","status-publish","format-standard","hentry","category-politica"],"_links":{"self":[{"href":"https:\/\/diariodominicano.com\/index.php?rest_route=\/wp\/v2\/posts\/171401","targetHints":{"allow":["GET"]}}],"collection":[{"href":"https:\/\/diariodominicano.com\/index.php?rest_route=\/wp\/v2\/posts"}],"about":[{"href":"https:\/\/diariodominicano.com\/index.php?rest_route=\/wp\/v2\/types\/post"}],"author":[{"embeddable":true,"href":"https:\/\/diariodominicano.com\/index.php?rest_route=\/wp\/v2\/users\/3"}],"replies":[{"embeddable":true,"href":"https:\/\/diariodominicano.com\/index.php?rest_route=%2Fwp%2Fv2%2Fcomments&post=171401"}],"version-history":[{"count":0,"href":"https:\/\/diariodominicano.com\/index.php?rest_route=\/wp\/v2\/posts\/171401\/revisions"}],"wp:attachment":[{"href":"https:\/\/diariodominicano.com\/index.php?rest_route=%2Fwp%2Fv2%2Fmedia&parent=171401"}],"wp:term":[{"taxonomy":"category","embeddable":true,"href":"https:\/\/diariodominicano.com\/index.php?rest_route=%2Fwp%2Fv2%2Fcategories&post=171401"},{"taxonomy":"post_tag","embeddable":true,"href":"https:\/\/diariodominicano.com\/index.php?rest_route=%2Fwp%2Fv2%2Ftags&post=171401"}],"curies":[{"name":"wp","href":"https:\/\/api.w.org\/{rel}","templated":true}]}}