{"id":171399,"date":"2018-01-30T08:07:46","date_gmt":"2018-01-30T08:07:46","guid":{"rendered":"http:\/\/diariodominicano.ddns.net\/?p=171399"},"modified":"2018-01-30T08:07:46","modified_gmt":"2018-01-30T08:07:46","slug":"dominicanos-vociferaban-a-favor-de-nieto-de-trujillo-en-marcha-verde-de-alto-manhattan","status":"publish","type":"post","link":"https:\/\/diariodominicano.com\/?p=171399","title":{"rendered":"Dominicanos vociferaban a favor de nieto de Trujillo en Marcha Verde de Alto Manhattan"},"content":{"rendered":"<p><body><\/p>\n<p><img decoding=\"async\" src=\"img3\/ManhattanVerdeTrujillo.jpg\" \/>  <\/p>\n<p><span class=\"text1noticias\">Por Ram\u00f3n Mercedes <\/span><\/p>\n<p><span class=\"text1noticias\"> <\/span><\/p>\n<p><span class=\"text1noticias\"> NUEVA YORK, 30 de enero, 2018.- Mientras se efectuaba el recorrido de Marcha Verde el domingo por Broadway en el Alto Manhattan, dominicanos que se manten\u00edan apostados en diferentes esquinas vociferaban a su paso expresiones a favor del nieto de Trujillo, quien aspira a la presidencia de la Rep\u00fablica Dominicana para el 2020. <\/span><\/p>\n<p><span class=\"text1noticias\"> <\/span><\/p>\n<p><span class=\"text1noticias\">Las aparentes manifestaciones de apoyo a Ramfis Dom\u00ednguez Trujillo se produjeron en las esquinas de Broadway con las calles 158, 160, 164, y en la 170 con la avenida Saint Nicholas. <\/span><\/p>\n<p><span class=\"text1noticias\"> <\/span><\/p>\n<p><span class=\"text1noticias\"> \u00abTrujillo es el que va\u00bb, \u00abPor los ladrones del PLD viene Trujillo ahora\u00bb, \u00abApoyen a Trujillo\u00bb, \u00abVamos a votar por Trujillo\u00bb fueron algunas de las manifestaciones escuchadas por este reportero mientras cubr\u00eda las incidencias de la marcha, compuesta por un poco m\u00e1s de mil personas. <\/span><\/p>\n<p><span class=\"text1noticias\"> <\/span><\/p>\n<p><span class=\"text1noticias\">Esos manifestantes no permitieron ser fotografiados porque cuando nos propon\u00edamos hacerlo, los primeros dos nos hicieron la advertencia \u00abperiodista, por favor no me tome foto, no me tome foto\u00bb y el otro \u00abpara que t\u00fa me vas a retratar, yo no quiero que me retrate\u00bb. <\/span><\/p>\n<p><span class=\"text1noticias\"> <\/span><\/p>\n<p><span class=\"text1noticias\">Generalmente dichas expresiones no eran contestadas por los manifestantes, excepto en la esquina de la calle 163 cuando varias mujeres vestidas de verde y con un gran letrero le contestaron \u00abJam\u00e1s un Trujillo en RD, tampoco los del PLD, apoyen la Marcha Verde\u00bb. <\/span><\/p>\n<p><span class=\"text1noticias\"> <\/span><\/p>\n<p><span class=\"text1noticias\">La marcha inici\u00f3 a eso de la 1:30 de la tarde en Broadway con la calle 157, recorriendo la avenida Saint Nicholas hasta finalizar en la calle 193. Su objetivo fue demandar el fin de la corrupci\u00f3n e impunidad en el pa\u00eds caribe\u00f1o y celebrar el primer aniversario de la hist\u00f3rica marcha anticorrupci\u00f3n del 22 de enero del 2017.<\/span><\/p>\n<p><span class=\"text1noticias\"> <\/span><\/p>\n<p><span class=\"text1noticias\"> Durante el recorrido exhib\u00edan banderas dominicanas y verdes, vociferaban esl\u00f3ganes y pancartas con diferentes mensajes entre ellos \u00abc\u00e1rcel para los corruptos\u00bb, \u00abesos delincuentes fuera del palacio\u00bb, \u00absi no hay justicia para el pueblo no habr\u00e1 paz para el gobierno\u00bb. <\/span><\/p>\n<p><span class=\"text1noticias\"> <\/span><\/p>\n<p><span class=\"text1noticias\"> Todo transcurri\u00f3 en orden y varias unidades de la polic\u00eda de los precintos 33 y 34, bajo la direcci\u00f3n del capit\u00e1n de origen criollo Richard Brea acompa\u00f1aron a <\/span>los protestantes.<\/p>\n<h6> 2018-01-30 08:07:46 <\/h6>\n<p><!--\n<link rel=\"stylesheet\" href=\"css\/bootstrap.min.css\">\n\n\n<ul class=\"pagination\">\n\t    \n\t\n\n<li >\n\t<a href='?page_no=6708'>Previous<\/a>\n\t<\/li>\n\n\n       \n    \n\n<li><a href='?page_no=1'>1<\/a><\/li>\n\n\n\n<li><a href='?page_no=2'>2<\/a><\/li>\n\n\n\n<li><a>...<\/a><\/li>\n\n\n\n<li><a href='?page_no=6707'>6707<\/a><\/li>\n\n\n\n<li><a href='?page_no=6708'>6708<\/a><\/li>\n\n\n\n<li class='active'><a>6709<\/a><\/li>\n\n\n\n<li><a href='?page_no=6710'>6710<\/a><\/li>\n\n\n\n<li><a href='?page_no=6711'>6711<\/a><\/li>\n\n\n\n<li><a>...<\/a><\/li>\n\n\n\n<li><a href='?page_no=36999'>36999<\/a><\/li>\n\n\n\n<li><a href='?page_no=37000'>37000<\/a><\/li>\n\n    \n\t\n\n<li >\n\t<a href='?page_no=6710'>Next<\/a>\n\t<\/li>\n\n\n    \n\n<li><a href='?page_no=37000'>Last &rsaquo;&rsaquo;<\/a><\/li>\n\n<\/ul>\n\n\n--><br \/>\n<\/body><\/p>\n","protected":false},"excerpt":{"rendered":"<p>Por Ram\u00f3n Mercedes NUEVA YORK, 30 de enero, 2018.- Mientras se efectuaba el recorrido de Marcha Verde el domingo por Broadway en el Alto Manhattan, dominicanos que se manten\u00edan apostados en diferentes esquinas vociferaban a su paso expresiones a favor del nieto de Trujillo, quien aspira a la presidencia de la Rep\u00fablica Dominicana para el [&hellip;]<\/p>\n","protected":false},"author":3,"featured_media":0,"comment_status":"open","ping_status":"open","sticky":false,"template":"","format":"standard","meta":{"footnotes":""},"categories":[22],"tags":[],"class_list":["post-171399","post","type-post","status-publish","format-standard","hentry","category-politica"],"_links":{"self":[{"href":"https:\/\/diariodominicano.com\/index.php?rest_route=\/wp\/v2\/posts\/171399","targetHints":{"allow":["GET"]}}],"collection":[{"href":"https:\/\/diariodominicano.com\/index.php?rest_route=\/wp\/v2\/posts"}],"about":[{"href":"https:\/\/diariodominicano.com\/index.php?rest_route=\/wp\/v2\/types\/post"}],"author":[{"embeddable":true,"href":"https:\/\/diariodominicano.com\/index.php?rest_route=\/wp\/v2\/users\/3"}],"replies":[{"embeddable":true,"href":"https:\/\/diariodominicano.com\/index.php?rest_route=%2Fwp%2Fv2%2Fcomments&post=171399"}],"version-history":[{"count":0,"href":"https:\/\/diariodominicano.com\/index.php?rest_route=\/wp\/v2\/posts\/171399\/revisions"}],"wp:attachment":[{"href":"https:\/\/diariodominicano.com\/index.php?rest_route=%2Fwp%2Fv2%2Fmedia&parent=171399"}],"wp:term":[{"taxonomy":"category","embeddable":true,"href":"https:\/\/diariodominicano.com\/index.php?rest_route=%2Fwp%2Fv2%2Fcategories&post=171399"},{"taxonomy":"post_tag","embeddable":true,"href":"https:\/\/diariodominicano.com\/index.php?rest_route=%2Fwp%2Fv2%2Ftags&post=171399"}],"curies":[{"name":"wp","href":"https:\/\/api.w.org\/{rel}","templated":true}]}}