{"id":171397,"date":"2018-01-30T11:40:13","date_gmt":"2018-01-30T11:40:13","guid":{"rendered":"http:\/\/diariodominicano.ddns.net\/?p=171397"},"modified":"2018-01-30T11:40:13","modified_gmt":"2018-01-30T11:40:13","slug":"esposa-de-tony-capellan-del-comite-central-del-pld-recibe-cristiana-sepultura-en-la-vega","status":"publish","type":"post","link":"https:\/\/diariodominicano.com\/?p=171397","title":{"rendered":"Esposa de Tony Capell\u00e1n, del Comit\u00e9 Central del PLD, recibe cristiana sepultura en La Vega."},"content":{"rendered":"<p><body><\/p>\n<p><img decoding=\"async\" src=\"img3\/cape1.jpg\" \/>  <\/p>\n<p>Fue sepultada ayer lunes en el Cementerio Municipal de las Lagunas en la Vega la se\u00f1ora Mar\u00eda Genoveva Acevedo, dirigente del Partido de la Liberaci\u00f3n Dominicana, esposa de Tony Capell\u00e1n, miembro del Comit\u00e9 Central del PLD.<\/p>\n<\/p>\n<p>Su deceso se produjo en horas de la ma\u00f1ana mientras era atendida en un centro cl\u00ednico de la ciudad de La Vega en una emergencia que se le present\u00f3. Era paciente tratada de c\u00e1ncer.<\/p>\n<\/p>\n<p>Su velatorio se produjo en la funeraria Blandino en La Vega y antes del traslado al cementerio le fue oficiada una misa de cuerpo presente en la catedral Inmaculada Concepci\u00f3n oficiada por el sacerdote Porfirio Espinal<\/p>\n<\/p>\n<p>Los miembros  del Comit\u00e9 Pol\u00edtico del PLD   Carlos Amarante Baret, Cristina Lizardo, Felucho Jim\u00e9nez y Radham\u00e9s Camacho, as\u00ed como miembros del Comit\u00e9 Central y dirigentes pelede\u00edstas de La Vega participaron en las honras f\u00fanebres.<\/p>\n<\/p>\n<p>Mar\u00eda Genoveva, hermana de  Maritza Hinojosa, Presidenta de Comit\u00e9 Intermedio en La Vega, procreo con Tony Capell\u00e1n a Antonio Capell\u00e1n hijo, Amaury y Emmanuel.<\/p>\n<\/p>\n<p>El velatorio y acto de sepelio se constituy\u00f3 en una sentida nota de dolor de la familia vegana. Paz a sus restos y consolaci\u00f3n a sus familiares.<\/p>\n<h6> 2018-01-30 11:40:13 <\/h6>\n<p><!--\n<link rel=\"stylesheet\" href=\"css\/bootstrap.min.css\">\n\n\n<ul class=\"pagination\">\n\t    \n\t\n\n<li >\n\t<a href='?page_no=6706'>Previous<\/a>\n\t<\/li>\n\n\n       \n    \n\n<li><a href='?page_no=1'>1<\/a><\/li>\n\n\n\n<li><a href='?page_no=2'>2<\/a><\/li>\n\n\n\n<li><a>...<\/a><\/li>\n\n\n\n<li><a href='?page_no=6705'>6705<\/a><\/li>\n\n\n\n<li><a href='?page_no=6706'>6706<\/a><\/li>\n\n\n\n<li class='active'><a>6707<\/a><\/li>\n\n\n\n<li><a href='?page_no=6708'>6708<\/a><\/li>\n\n\n\n<li><a href='?page_no=6709'>6709<\/a><\/li>\n\n\n\n<li><a>...<\/a><\/li>\n\n\n\n<li><a href='?page_no=36999'>36999<\/a><\/li>\n\n\n\n<li><a href='?page_no=37000'>37000<\/a><\/li>\n\n    \n\t\n\n<li >\n\t<a href='?page_no=6708'>Next<\/a>\n\t<\/li>\n\n\n    \n\n<li><a href='?page_no=37000'>Last &rsaquo;&rsaquo;<\/a><\/li>\n\n<\/ul>\n\n\n--><br \/>\n<\/body><\/p>\n","protected":false},"excerpt":{"rendered":"<p>Fue sepultada ayer lunes en el Cementerio Municipal de las Lagunas en la Vega la se\u00f1ora Mar\u00eda Genoveva Acevedo, dirigente del Partido de la Liberaci\u00f3n Dominicana, esposa de Tony Capell\u00e1n, miembro del Comit\u00e9 Central del PLD. Su deceso se produjo en horas de la ma\u00f1ana mientras era atendida en un centro cl\u00ednico de la ciudad [&hellip;]<\/p>\n","protected":false},"author":3,"featured_media":0,"comment_status":"open","ping_status":"open","sticky":false,"template":"","format":"standard","meta":{"footnotes":""},"categories":[22],"tags":[],"class_list":["post-171397","post","type-post","status-publish","format-standard","hentry","category-politica"],"_links":{"self":[{"href":"https:\/\/diariodominicano.com\/index.php?rest_route=\/wp\/v2\/posts\/171397","targetHints":{"allow":["GET"]}}],"collection":[{"href":"https:\/\/diariodominicano.com\/index.php?rest_route=\/wp\/v2\/posts"}],"about":[{"href":"https:\/\/diariodominicano.com\/index.php?rest_route=\/wp\/v2\/types\/post"}],"author":[{"embeddable":true,"href":"https:\/\/diariodominicano.com\/index.php?rest_route=\/wp\/v2\/users\/3"}],"replies":[{"embeddable":true,"href":"https:\/\/diariodominicano.com\/index.php?rest_route=%2Fwp%2Fv2%2Fcomments&post=171397"}],"version-history":[{"count":0,"href":"https:\/\/diariodominicano.com\/index.php?rest_route=\/wp\/v2\/posts\/171397\/revisions"}],"wp:attachment":[{"href":"https:\/\/diariodominicano.com\/index.php?rest_route=%2Fwp%2Fv2%2Fmedia&parent=171397"}],"wp:term":[{"taxonomy":"category","embeddable":true,"href":"https:\/\/diariodominicano.com\/index.php?rest_route=%2Fwp%2Fv2%2Fcategories&post=171397"},{"taxonomy":"post_tag","embeddable":true,"href":"https:\/\/diariodominicano.com\/index.php?rest_route=%2Fwp%2Fv2%2Ftags&post=171397"}],"curies":[{"name":"wp","href":"https:\/\/api.w.org\/{rel}","templated":true}]}}