{"id":171396,"date":"2018-01-30T12:05:03","date_gmt":"2018-01-30T12:05:03","guid":{"rendered":"http:\/\/diariodominicano.ddns.net\/?p=171396"},"modified":"2018-01-30T12:05:03","modified_gmt":"2018-01-30T12:05:03","slug":"rafael-calderon-adelanta-congreso-debe-asumir-su-responsabilidad-en-aprobacion-ley-de-partidos","status":"publish","type":"post","link":"https:\/\/diariodominicano.com\/?p=171396","title":{"rendered":"Rafael Calder\u00f3n adelanta congreso debe asumir su responsabilidad en aprobaci\u00f3n Ley de Partidos"},"content":{"rendered":"<p><body><\/p>\n<p><img decoding=\"async\" src=\"img3\/calder.jpg\" \/>  <\/p>\n<p>El senador del Partido de la Liberaci\u00f3n Dominicana (PLD),  por la provincia de Azua, Rafael Calder\u00f3n ,  declar\u00f3  este martes que la Ley de Partidos en tr\u00e1nsito debe ser aprobada lo m\u00e1s pronto posible no descartando que se realice en la  legislatura que ha de iniciar el pr\u00f3ximo 27 de febrero.<\/p>\n<\/p>\n<p>Espera que  antes del 27 de febrero, la Comisi\u00f3n Bicameral que conoce el tema,  tenga la informaci\u00f3n necesaria para que el debate se reasuma y poder conocer y aprobar dicho proyecto.<\/p>\n<\/p>\n<p>\u00abY sino el Congreso asumir\u00e1 su responsabilidad\u00bb apunt\u00f3 Rafael Calder\u00f3n al manifestar que es responsabilidad del Congreso conocer la Ley y aprobar la  Ley de Partidos y el reglamento  Electoral.<\/p>\n<\/p>\n<p>En el parte de prensa remitido por el PLD a trav\u00e9s de la Secretar\u00eda de Comunicaciones, el legislador adelanta que si se aprueba en la primera legislatura, en el primer trimestre de este a\u00f1o facilitar\u00e1 que esta pueda ser aplicada en las elecciones del a\u00f1o 2020.<\/p>\n<\/p>\n<p>En otro orden y en cuanto a la actividad del movimiento denominado Marcha Verde,  Calder\u00f3n sostiene que se previa su poco \u00e9xito en el entendido de que cada vez m\u00e1s sus argumentos como grupo opositor, van careciendo de veracidad y  creatividad.<\/p>\n<\/p>\n<p>\u00abCreo que fue aqu\u00ed en este programa que dije que todo lo verde se madura y lo que se madura gotea y  yo creo que le ha pasado eso\u00bb, apunt\u00f3  Calder\u00f3n, entrevistado en el programa Resumen Matinal.<\/p>\n<h6> 2018-01-30 12:05:03 <\/h6>\n<p><!--\n<link rel=\"stylesheet\" href=\"css\/bootstrap.min.css\">\n\n\n<ul class=\"pagination\">\n\t    \n\t\n\n<li >\n\t<a href='?page_no=6705'>Previous<\/a>\n\t<\/li>\n\n\n       \n    \n\n<li><a href='?page_no=1'>1<\/a><\/li>\n\n\n\n<li><a href='?page_no=2'>2<\/a><\/li>\n\n\n\n<li><a>...<\/a><\/li>\n\n\n\n<li><a href='?page_no=6704'>6704<\/a><\/li>\n\n\n\n<li><a href='?page_no=6705'>6705<\/a><\/li>\n\n\n\n<li class='active'><a>6706<\/a><\/li>\n\n\n\n<li><a href='?page_no=6707'>6707<\/a><\/li>\n\n\n\n<li><a href='?page_no=6708'>6708<\/a><\/li>\n\n\n\n<li><a>...<\/a><\/li>\n\n\n\n<li><a href='?page_no=36999'>36999<\/a><\/li>\n\n\n\n<li><a href='?page_no=37000'>37000<\/a><\/li>\n\n    \n\t\n\n<li >\n\t<a href='?page_no=6707'>Next<\/a>\n\t<\/li>\n\n\n    \n\n<li><a href='?page_no=37000'>Last &rsaquo;&rsaquo;<\/a><\/li>\n\n<\/ul>\n\n\n--><br \/>\n<\/body><\/p>\n","protected":false},"excerpt":{"rendered":"<p>El senador del Partido de la Liberaci\u00f3n Dominicana (PLD), por la provincia de Azua, Rafael Calder\u00f3n , declar\u00f3 este martes que la Ley de Partidos en tr\u00e1nsito debe ser aprobada lo m\u00e1s pronto posible no descartando que se realice en la legislatura que ha de iniciar el pr\u00f3ximo 27 de febrero. Espera que antes del [&hellip;]<\/p>\n","protected":false},"author":3,"featured_media":0,"comment_status":"open","ping_status":"open","sticky":false,"template":"","format":"standard","meta":{"footnotes":""},"categories":[22],"tags":[],"class_list":["post-171396","post","type-post","status-publish","format-standard","hentry","category-politica"],"_links":{"self":[{"href":"https:\/\/diariodominicano.com\/index.php?rest_route=\/wp\/v2\/posts\/171396","targetHints":{"allow":["GET"]}}],"collection":[{"href":"https:\/\/diariodominicano.com\/index.php?rest_route=\/wp\/v2\/posts"}],"about":[{"href":"https:\/\/diariodominicano.com\/index.php?rest_route=\/wp\/v2\/types\/post"}],"author":[{"embeddable":true,"href":"https:\/\/diariodominicano.com\/index.php?rest_route=\/wp\/v2\/users\/3"}],"replies":[{"embeddable":true,"href":"https:\/\/diariodominicano.com\/index.php?rest_route=%2Fwp%2Fv2%2Fcomments&post=171396"}],"version-history":[{"count":0,"href":"https:\/\/diariodominicano.com\/index.php?rest_route=\/wp\/v2\/posts\/171396\/revisions"}],"wp:attachment":[{"href":"https:\/\/diariodominicano.com\/index.php?rest_route=%2Fwp%2Fv2%2Fmedia&parent=171396"}],"wp:term":[{"taxonomy":"category","embeddable":true,"href":"https:\/\/diariodominicano.com\/index.php?rest_route=%2Fwp%2Fv2%2Fcategories&post=171396"},{"taxonomy":"post_tag","embeddable":true,"href":"https:\/\/diariodominicano.com\/index.php?rest_route=%2Fwp%2Fv2%2Ftags&post=171396"}],"curies":[{"name":"wp","href":"https:\/\/api.w.org\/{rel}","templated":true}]}}