{"id":171395,"date":"2018-01-30T12:35:32","date_gmt":"2018-01-30T12:35:32","guid":{"rendered":"http:\/\/diariodominicano.ddns.net\/?p=171395"},"modified":"2018-01-30T12:35:32","modified_gmt":"2018-01-30T12:35:32","slug":"finjus-afirma-ejecutivo-y-legislativo-arrodillan-poder-judicial-con-bajo-presupuesto","status":"publish","type":"post","link":"https:\/\/diariodominicano.com\/?p=171395","title":{"rendered":"Finjus afirma Ejecutivo y Legislativo arrodillan Poder Judicial con bajo presupuesto"},"content":{"rendered":"<p><body><\/p>\n<p><img decoding=\"async\" src=\"img3\/finjuss.jpg\" \/>  <\/p>\n<p>Servio Tulio Casta\u00f1os Guzm\u00e1n fue entrevistado en el programa \u00abOpiniones\u00bb que conduce y produce la abogada Lenis Garc\u00eda. All\u00ed tambi\u00e9n anunci\u00f3 que se modificar\u00e1 la Ley de Compras y Contrataciones porque ya cumpli\u00f3 su cometido<\/p>\n<\/p>\n<p>SANTO DOMINGO. &#8211; El vicepresidente ejecutivo de la Fundaci\u00f3n Institucionalidad y Justicia (FINJUS), Servio Tulio Casta\u00f1os, afirm\u00f3 que los poderes Ejecutivo y Legislativo \u00abhan mantenido arrodillado al Poder Judicial\u00bb al reducirle el monto que solicita como presupuesto, lo que, a su juicio, impacta su independencia. Asimismo, se\u00f1al\u00f3 que el presidente de la Suprema Corte podr\u00eda recurrir al Tribunal Constitucional para lograr que no le sea modificada arbitrariamente la partida que somete al Presupuesto General de la Naci\u00f3n.<\/p>\n<\/p>\n<p>Al ser entrevistado por la abogada Lenis Garc\u00eda, en su programa \u00abOpiniones\u00bb, respald\u00f3 el reclamo realizado por el presidente de la Suprema Corte de Justicia, Mariano Germ\u00e1n, de que el Poder Judicial requiere una mayor partida presupuestaria para operar con eficiencia.<\/p>\n<\/p>\n<p>\u00abEl presidente de la Suprema Corte de Justicia (SCJ) habl\u00f3 con mucha claridad porque nosotros tenemos que partir de que la Justicia es un poder y como poder es parte de un sistema. Dentro de esa l\u00f3gica constitucional del Estado, cada uno de esos poderes tiene sus atribuciones. Evidentemente, si eso es as\u00ed, se supone que si un poder del Estado plantea cu\u00e1l es su presupuesto, por lo menos el Ejecutivo no puede cambiarle lo que el Poder Judicial le somete para que incluya en la Ley General de Presupuesto\u00bb, explic\u00f3 el jurista.<\/p>\n<\/p>\n<p>Casta\u00f1os Guzm\u00e1n argument\u00f3 que esta situaci\u00f3n no se ha resuelto debido a la injerencia pol\u00edtica. En ese sentido, critic\u00f3 que tanto el presidente de esa alta corte como el secretario del Consejo Nacional de la Magistratura, Frank Soto, no procedan de la carrera judicial. \u00abLos jueces de la SCJ tienen que ser malagradecidos, no pueden estar pendiente o crey\u00e9ndose que se deben a aquellos que los nombran. Se debe romper con eso, si eso no fuera as\u00ed el presidente de la SCJ hubiese apoderado del caso al Tribunal Constitucional\u00bb, enfatiz\u00f3.<\/p>\n<\/p>\n<p>\u00abLa pol\u00edtica invade a ese poder del Estado, no me niego a que el presidente de la SCJ provenga de la pol\u00edtica, lo que no entiendo es c\u00f3mo un juez que no vino de la carrera tambi\u00e9n represente al Poder Judicial en el Consejo. Es decir que los dos que vinieron de la pol\u00edtica son los que representan al Poder Judicial cuyo 75% de la matr\u00edcula y el 100% de los dem\u00e1s estamentos son de la carrera. Ah\u00ed deber\u00edan estar representados los jueces de carrera\u00bb, plante\u00f3.<\/p>\n<\/p>\n<p>Indic\u00f3 que en pa\u00edses como Per\u00fa y Colombia suced\u00eda lo mismo, que el Poder Judicial presentaba su presupuesto al Ejecutivo y este remit\u00eda al Congreso una partida diferente a la solicitada. \u00abLo que determinaron las cortes constitucionales de Colombia y Per\u00fa fue indicarle al Ejecutivo que no pod\u00eda modificarle al Judicial lo que somete. \u00abEn tal caso, el Poder Ejecutivo est\u00e1 en la obligaci\u00f3n de remitir al Congreso lo que ellos te mandan y si tiene alguna duda establecer un di\u00e1logo con ese otro poder. Pero no puedes unilateralmente modificarle su presupuesto\u00bb, sostuvo.<\/p>\n<\/p>\n<p>\u00abDesde el punto de vista constitucional, el Poder Ejecutivo no le puede variar al Poder Judicial lo que como presupuesto le somete cada a\u00f1o. Aunque esa ha sido una cultura desde la administraci\u00f3n, eso, de conformidad con lo que es la l\u00f3gica constitucional no lo puede hacer el Ejecutivo, en tal caso lo puede hacer el Congreso, que le puede modificar el presupuesto al Ejecutivo, al Judicial y a todas las instituciones\u00bb, aclar\u00f3 el exprocurador adjunto.<\/p>\n<\/p>\n<p>Subray\u00f3 que el Ejecutivo puede modificarle el presupuesto al Ministerio de Educaci\u00f3n o de Cultura porque son instituciones que dependen de \u00e9l, pero no puede disponer del presupuesto de otro poder del Estado.<\/p>\n<\/p>\n<p>Crisis econ\u00f3mica Poder Ejecutivo<\/p>\n<\/p>\n<p>En el programa que se transmite cada domingo de 6:00 a 7:00 de la noche por RNN, canal 27, Casta\u00f1os Guzm\u00e1n dijo que, por falta de recursos, la Justicia est\u00e1 trabajando con altos niveles de deficiencia. \u00abPor ejemplo, si recorres los 110 locales que el presidente de la SCJ dijo que ten\u00eda en condiciones de alquiler, muchos ni siquiera tienen servicio sanitario. Aqu\u00ed se ha tenido que cancelar y reenviar audiencias por lluvia\u00bb, manifest\u00f3.<\/p>\n<\/p>\n<p>Precis\u00f3 que el presupuesto de 2012 era de 400 mil millones de pesos, y el de 2018 es de 812 mil millones. \u00abAl poder judicial, hoy, le est\u00e1n asignando menos que en el 2012. En el 2012 se le asign\u00f3 el 58% y este a\u00f1o el 52%\u00bb, detall\u00f3.<\/p>\n<\/p>\n<p>\u00abLa realidad es que el problema principal del Poder Judicial es econ\u00f3mico porque entre otras cosas, por ley se han creado 102 tribunales y no se ha podido habilitar el primero por falta de recursos\u00bb, dijo, que lo mismo pasa en la Jurisdicci\u00f3n Contenciosa Administrativa.<\/p>\n<\/p>\n<p>Modificaci\u00f3n Ley de Compras y Contrataciones<\/p>\n<\/p>\n<p>En otro orden, dijo que fruto de su intervenci\u00f3n como miembro de la comisi\u00f3n que investig\u00f3 el proceso de licitaci\u00f3n de la Central Termoel\u00e9ctrica de Punta Catalina, se modificar\u00e1 la actual Ley de Compras y Contrataciones, que seg\u00fan sus palabras \u00abno sirve para nada\u00bb.<\/p>\n<\/p>\n<p>\u00abLa Nueva legislaci\u00f3n corregir\u00e1 una serie de lagunas que en el marco de lo que ha sido la implementaci\u00f3n de esa legislaci\u00f3n ha arrojado. Ya que la actual no establece sistemas de consecuencia, ni un r\u00e9gimen sancionatorio y de nulidades, es una verdadera locura. Todo lo que tiene que ver con los aspectos ligados a la transparencia, no lo contiene la Ley. No est\u00e1 correctamente detallado los procesos de licitaciones. Hay licitaciones que se manipulan, esa es la realidad\u00bb, dijo durante la entrevista.<\/p>\n<\/p>\n<h6> 2018-01-30 12:35:32 <\/h6>\n<p><!--\n<link rel=\"stylesheet\" href=\"css\/bootstrap.min.css\">\n\n\n<ul class=\"pagination\">\n\t    \n\t\n\n<li >\n\t<a href='?page_no=6704'>Previous<\/a>\n\t<\/li>\n\n\n       \n    \n\n<li><a href='?page_no=1'>1<\/a><\/li>\n\n\n\n<li><a href='?page_no=2'>2<\/a><\/li>\n\n\n\n<li><a>...<\/a><\/li>\n\n\n\n<li><a href='?page_no=6703'>6703<\/a><\/li>\n\n\n\n<li><a href='?page_no=6704'>6704<\/a><\/li>\n\n\n\n<li class='active'><a>6705<\/a><\/li>\n\n\n\n<li><a href='?page_no=6706'>6706<\/a><\/li>\n\n\n\n<li><a href='?page_no=6707'>6707<\/a><\/li>\n\n\n\n<li><a>...<\/a><\/li>\n\n\n\n<li><a href='?page_no=36999'>36999<\/a><\/li>\n\n\n\n<li><a href='?page_no=37000'>37000<\/a><\/li>\n\n    \n\t\n\n<li >\n\t<a href='?page_no=6706'>Next<\/a>\n\t<\/li>\n\n\n    \n\n<li><a href='?page_no=37000'>Last &rsaquo;&rsaquo;<\/a><\/li>\n\n<\/ul>\n\n\n--><br \/>\n<\/body><\/p>\n","protected":false},"excerpt":{"rendered":"<p>Servio Tulio Casta\u00f1os Guzm\u00e1n fue entrevistado en el programa \u00abOpiniones\u00bb que conduce y produce la abogada Lenis Garc\u00eda. All\u00ed tambi\u00e9n anunci\u00f3 que se modificar\u00e1 la Ley de Compras y Contrataciones porque ya cumpli\u00f3 su cometido SANTO DOMINGO. &#8211; El vicepresidente ejecutivo de la Fundaci\u00f3n Institucionalidad y Justicia (FINJUS), Servio Tulio Casta\u00f1os, afirm\u00f3 que los poderes [&hellip;]<\/p>\n","protected":false},"author":3,"featured_media":0,"comment_status":"open","ping_status":"open","sticky":false,"template":"","format":"standard","meta":{"footnotes":""},"categories":[22],"tags":[],"class_list":["post-171395","post","type-post","status-publish","format-standard","hentry","category-politica"],"_links":{"self":[{"href":"https:\/\/diariodominicano.com\/index.php?rest_route=\/wp\/v2\/posts\/171395","targetHints":{"allow":["GET"]}}],"collection":[{"href":"https:\/\/diariodominicano.com\/index.php?rest_route=\/wp\/v2\/posts"}],"about":[{"href":"https:\/\/diariodominicano.com\/index.php?rest_route=\/wp\/v2\/types\/post"}],"author":[{"embeddable":true,"href":"https:\/\/diariodominicano.com\/index.php?rest_route=\/wp\/v2\/users\/3"}],"replies":[{"embeddable":true,"href":"https:\/\/diariodominicano.com\/index.php?rest_route=%2Fwp%2Fv2%2Fcomments&post=171395"}],"version-history":[{"count":0,"href":"https:\/\/diariodominicano.com\/index.php?rest_route=\/wp\/v2\/posts\/171395\/revisions"}],"wp:attachment":[{"href":"https:\/\/diariodominicano.com\/index.php?rest_route=%2Fwp%2Fv2%2Fmedia&parent=171395"}],"wp:term":[{"taxonomy":"category","embeddable":true,"href":"https:\/\/diariodominicano.com\/index.php?rest_route=%2Fwp%2Fv2%2Fcategories&post=171395"},{"taxonomy":"post_tag","embeddable":true,"href":"https:\/\/diariodominicano.com\/index.php?rest_route=%2Fwp%2Fv2%2Ftags&post=171395"}],"curies":[{"name":"wp","href":"https:\/\/api.w.org\/{rel}","templated":true}]}}