{"id":171394,"date":"2018-01-30T12:55:50","date_gmt":"2018-01-30T12:55:50","guid":{"rendered":"http:\/\/diariodominicano.ddns.net\/?p=171394"},"modified":"2018-01-30T12:55:50","modified_gmt":"2018-01-30T12:55:50","slug":"escogen-director-plan-estrategico-del-adn-para-participar-en-taller-de-lideres-tecnicos-en-kuala-lampur-malasia","status":"publish","type":"post","link":"https:\/\/diariodominicano.com\/?p=171394","title":{"rendered":"Escogen Director Plan Estrat\u00e9gico del ADN para participar en taller de L\u00edderes T\u00e9cnicos, en Kuala Lampur, Malasia"},"content":{"rendered":"<p><body><\/p>\n<p><img decoding=\"async\" src=\"img3\/adn1.jpg\" \/>  <\/p>\n<p>El evento se enmarca dentro de la celebraci\u00f3n del noveno Foro Urbano Mundial<\/p>\n<\/p>\n<p>La fundaci\u00f3n multinacional Bloomberg Philantropies, en asociaci\u00f3n con la Organizaci\u00f3n Mundial de la Salud y la organizaci\u00f3n Vital Strategies, escogi\u00f3 al arquitecto Jes\u00fas D?Alessandro para participar en el taller de L\u00edderes T\u00e9cnicos en Kuala Lampur, Malasia.<\/p>\n<\/p>\n<p>D?Alessandro es actualmente director del Plan Estrat\u00e9gico del Ayuntamiento del Distrito Nacional y director de la Escuela de Arquitectura de la Universidad Iberoamericana (UNIBE).<\/p>\n<\/p>\n<p>El evento, en el que participar\u00e1 el especialista dominicano, ser\u00e1 los d\u00edas 5 y 6 de febrero, en el marco de la celebraci\u00f3n del noveno Foro Urbano Mundial.<\/p>\n<\/p>\n<p>Los convocados a este encuentro, organizado por la Alianza de Ciudades Saludables, compartir\u00e1n experiencias y explorar\u00e1n estrategias orientadas a mejorar la calidad de vida y salud de los habitantes de zonas urbanas.<\/p>\n<\/p>\n<p>D?Alessandro forma parte del equipo de trabajo del alcalde del Distrito Nacional, David Collado, quien ha venido impulsando una nueva visi\u00f3n urbana por una ciudad amigable, entre cuyas pol\u00edticas se encuentran la remodelaci\u00f3n del Malec\u00f3n de Santo Domingo y el parque Mirador Sur, entre otras iniciativas.<\/p>\n<\/p>\n<p>Sobre Kuala Lampur<\/p>\n<\/p>\n<p>Kuala Lampur es la capital de Malasia, y entre su moderno perfil se destaca las Torres Petronas de 451 metros de altura, un par de rascacielos de vidrio y acero con dise\u00f1os isl\u00e1micos.<\/p>\n<\/p>\n<p>La ciudad tambi\u00e9n alberga sitios ic\u00f3nicos de la era colonial brit\u00e1nica, como la Estaci\u00f3n de Tren de Kuala Lumpur y el Edificio del Sult\u00e1n Abdul Samad.<\/p>\n<\/p>\n<p>Kuala Lampur, de acuerdo al censo del a\u00f1o 2010, tiene un mill\u00f3n 589 mil habitantes.<\/p>\n<h6> 2018-01-30 12:55:50 <\/h6>\n<p><!--\n<link rel=\"stylesheet\" href=\"css\/bootstrap.min.css\">\n\n\n<ul class=\"pagination\">\n\t    \n\t\n\n<li >\n\t<a href='?page_no=6703'>Previous<\/a>\n\t<\/li>\n\n\n       \n    \n\n<li><a href='?page_no=1'>1<\/a><\/li>\n\n\n\n<li><a href='?page_no=2'>2<\/a><\/li>\n\n\n\n<li><a>...<\/a><\/li>\n\n\n\n<li><a href='?page_no=6702'>6702<\/a><\/li>\n\n\n\n<li><a href='?page_no=6703'>6703<\/a><\/li>\n\n\n\n<li class='active'><a>6704<\/a><\/li>\n\n\n\n<li><a href='?page_no=6705'>6705<\/a><\/li>\n\n\n\n<li><a href='?page_no=6706'>6706<\/a><\/li>\n\n\n\n<li><a>...<\/a><\/li>\n\n\n\n<li><a href='?page_no=36999'>36999<\/a><\/li>\n\n\n\n<li><a href='?page_no=37000'>37000<\/a><\/li>\n\n    \n\t\n\n<li >\n\t<a href='?page_no=6705'>Next<\/a>\n\t<\/li>\n\n\n    \n\n<li><a href='?page_no=37000'>Last &rsaquo;&rsaquo;<\/a><\/li>\n\n<\/ul>\n\n\n--><br \/>\n<\/body><\/p>\n","protected":false},"excerpt":{"rendered":"<p>El evento se enmarca dentro de la celebraci\u00f3n del noveno Foro Urbano Mundial La fundaci\u00f3n multinacional Bloomberg Philantropies, en asociaci\u00f3n con la Organizaci\u00f3n Mundial de la Salud y la organizaci\u00f3n Vital Strategies, escogi\u00f3 al arquitecto Jes\u00fas D?Alessandro para participar en el taller de L\u00edderes T\u00e9cnicos en Kuala Lampur, Malasia. D?Alessandro es actualmente director del Plan [&hellip;]<\/p>\n","protected":false},"author":3,"featured_media":0,"comment_status":"open","ping_status":"open","sticky":false,"template":"","format":"standard","meta":{"footnotes":""},"categories":[22],"tags":[],"class_list":["post-171394","post","type-post","status-publish","format-standard","hentry","category-politica"],"_links":{"self":[{"href":"https:\/\/diariodominicano.com\/index.php?rest_route=\/wp\/v2\/posts\/171394","targetHints":{"allow":["GET"]}}],"collection":[{"href":"https:\/\/diariodominicano.com\/index.php?rest_route=\/wp\/v2\/posts"}],"about":[{"href":"https:\/\/diariodominicano.com\/index.php?rest_route=\/wp\/v2\/types\/post"}],"author":[{"embeddable":true,"href":"https:\/\/diariodominicano.com\/index.php?rest_route=\/wp\/v2\/users\/3"}],"replies":[{"embeddable":true,"href":"https:\/\/diariodominicano.com\/index.php?rest_route=%2Fwp%2Fv2%2Fcomments&post=171394"}],"version-history":[{"count":0,"href":"https:\/\/diariodominicano.com\/index.php?rest_route=\/wp\/v2\/posts\/171394\/revisions"}],"wp:attachment":[{"href":"https:\/\/diariodominicano.com\/index.php?rest_route=%2Fwp%2Fv2%2Fmedia&parent=171394"}],"wp:term":[{"taxonomy":"category","embeddable":true,"href":"https:\/\/diariodominicano.com\/index.php?rest_route=%2Fwp%2Fv2%2Fcategories&post=171394"},{"taxonomy":"post_tag","embeddable":true,"href":"https:\/\/diariodominicano.com\/index.php?rest_route=%2Fwp%2Fv2%2Ftags&post=171394"}],"curies":[{"name":"wp","href":"https:\/\/api.w.org\/{rel}","templated":true}]}}