{"id":171393,"date":"2018-01-30T12:58:18","date_gmt":"2018-01-30T12:58:18","guid":{"rendered":"http:\/\/diariodominicano.ddns.net\/?p=171393"},"modified":"2018-01-30T12:58:18","modified_gmt":"2018-01-30T12:58:18","slug":"intrant-instala-contadores-automatizados-para-medir-flujo-vehicular-en-los-alcarrizos","status":"publish","type":"post","link":"https:\/\/diariodominicano.com\/?p=171393","title":{"rendered":"INTRANT instala Contadores Automatizados para  medir flujo vehicular en Los Alcarrizos"},"content":{"rendered":"<p><body><\/p>\n<p><img decoding=\"async\" src=\"img3\/contad1.jpg\" \/>  <\/p>\n<p>SANTO DOMINGO, RD, 30 de enero.- El instituto  Nacional de Tr\u00e1nsito y Transporte Terrestre  INTRANT,  dio inici\u00f3 el accionar acad\u00e9mico que incluy\u00f3 la colocaci\u00f3n de contadores automatizados y de regulaci\u00f3n para el tr\u00e1nsito en la parte c\u00e9ntrica de la ciudad de Los Alcarrizos, que busca facilitar la movilidad como estrategia de educaci\u00f3n vial para promover la cultura en este sentido.<\/p>\n<\/p>\n<p>El ingeniero  Juan Soler, quien dirige estas estrategias expres\u00f3 que la Directora del INTRANT, ingeniera Claudia Franchesca de los Santos,  le manifest\u00f3 que debido a la deuda social con la Comunidad municipal de los Alcarrizos, la instituci\u00f3n bajo su cargo se articul\u00f3 con la Alcald\u00eda local en su esfuerzos de ordenar y viabilizar el tr\u00e1nsito y transporte  vehicular.<\/p>\n<\/p>\n<p>Tras reconocer la iniciativa propia del Alcalde J\u00fanior Santos que creo la mesa del dialogo de Tr\u00e1nsito y Transporte, que aglutina el INTRANT, AMET, PN, empresarios del transporte, comerciantes e industriales, incluyendo otros estamento sociales.<\/p>\n<\/p>\n<p>Por lo que adelant\u00f3 que escogieron el municipio de Los Alcarrizos  como modelo piloto, indicando que desde el \u00e1rea operativa se pretende sensibilizar a la ciudadan\u00eda con la entrega de volantes informativos sobre las se\u00f1ales tr\u00e1nsito y fomentar la cultura vial con el fin de educar para garantizar la movilidad.<\/p>\n<\/p>\n<p>Har\u00e1n parte de esta estrategia los ?Patrulleros Viales? para los cruces identificados con anterioridad, que se vuelven traum\u00e1ticos en horas pico. La funci\u00f3n de estos patrulleros ser\u00e1 la de vigilar, regular y facilitar el tr\u00e1nsito del pa\u00eds, espacios que no se encuentran semaforizados u otros cruces semaforizados en puntos cr\u00edticos de las ciudades en todo el territorio nacional.<\/p>\n<h6> 2018-01-30 12:58:18 <\/h6>\n<p><!--\n<link rel=\"stylesheet\" href=\"css\/bootstrap.min.css\">\n\n\n<ul class=\"pagination\">\n\t    \n\t\n\n<li >\n\t<a href='?page_no=6702'>Previous<\/a>\n\t<\/li>\n\n\n       \n    \n\n<li><a href='?page_no=1'>1<\/a><\/li>\n\n\n\n<li><a href='?page_no=2'>2<\/a><\/li>\n\n\n\n<li><a>...<\/a><\/li>\n\n\n\n<li><a href='?page_no=6701'>6701<\/a><\/li>\n\n\n\n<li><a href='?page_no=6702'>6702<\/a><\/li>\n\n\n\n<li class='active'><a>6703<\/a><\/li>\n\n\n\n<li><a href='?page_no=6704'>6704<\/a><\/li>\n\n\n\n<li><a href='?page_no=6705'>6705<\/a><\/li>\n\n\n\n<li><a>...<\/a><\/li>\n\n\n\n<li><a href='?page_no=36999'>36999<\/a><\/li>\n\n\n\n<li><a href='?page_no=37000'>37000<\/a><\/li>\n\n    \n\t\n\n<li >\n\t<a href='?page_no=6704'>Next<\/a>\n\t<\/li>\n\n\n    \n\n<li><a href='?page_no=37000'>Last &rsaquo;&rsaquo;<\/a><\/li>\n\n<\/ul>\n\n\n--><br \/>\n<\/body><\/p>\n","protected":false},"excerpt":{"rendered":"<p>SANTO DOMINGO, RD, 30 de enero.- El instituto Nacional de Tr\u00e1nsito y Transporte Terrestre INTRANT, dio inici\u00f3 el accionar acad\u00e9mico que incluy\u00f3 la colocaci\u00f3n de contadores automatizados y de regulaci\u00f3n para el tr\u00e1nsito en la parte c\u00e9ntrica de la ciudad de Los Alcarrizos, que busca facilitar la movilidad como estrategia de educaci\u00f3n vial para promover [&hellip;]<\/p>\n","protected":false},"author":3,"featured_media":0,"comment_status":"open","ping_status":"open","sticky":false,"template":"","format":"standard","meta":{"footnotes":""},"categories":[22],"tags":[],"class_list":["post-171393","post","type-post","status-publish","format-standard","hentry","category-politica"],"_links":{"self":[{"href":"https:\/\/diariodominicano.com\/index.php?rest_route=\/wp\/v2\/posts\/171393","targetHints":{"allow":["GET"]}}],"collection":[{"href":"https:\/\/diariodominicano.com\/index.php?rest_route=\/wp\/v2\/posts"}],"about":[{"href":"https:\/\/diariodominicano.com\/index.php?rest_route=\/wp\/v2\/types\/post"}],"author":[{"embeddable":true,"href":"https:\/\/diariodominicano.com\/index.php?rest_route=\/wp\/v2\/users\/3"}],"replies":[{"embeddable":true,"href":"https:\/\/diariodominicano.com\/index.php?rest_route=%2Fwp%2Fv2%2Fcomments&post=171393"}],"version-history":[{"count":0,"href":"https:\/\/diariodominicano.com\/index.php?rest_route=\/wp\/v2\/posts\/171393\/revisions"}],"wp:attachment":[{"href":"https:\/\/diariodominicano.com\/index.php?rest_route=%2Fwp%2Fv2%2Fmedia&parent=171393"}],"wp:term":[{"taxonomy":"category","embeddable":true,"href":"https:\/\/diariodominicano.com\/index.php?rest_route=%2Fwp%2Fv2%2Fcategories&post=171393"},{"taxonomy":"post_tag","embeddable":true,"href":"https:\/\/diariodominicano.com\/index.php?rest_route=%2Fwp%2Fv2%2Ftags&post=171393"}],"curies":[{"name":"wp","href":"https:\/\/api.w.org\/{rel}","templated":true}]}}