{"id":171392,"date":"2018-01-30T18:11:47","date_gmt":"2018-01-30T18:11:47","guid":{"rendered":"http:\/\/diariodominicano.ddns.net\/?p=171392"},"modified":"2018-01-30T18:11:47","modified_gmt":"2018-01-30T18:11:47","slug":"tribunal-superior-niega-habeas-corpus-solicitado-por-defensa-de-lula","status":"publish","type":"post","link":"https:\/\/diariodominicano.com\/?p=171392","title":{"rendered":"Tribunal Superior niega habeas corpus solicitado por defensa de Lula"},"content":{"rendered":"<p><body><\/p>\n<p><img decoding=\"async\" src=\"img3\/1silva.jpg\" \/>  <\/p>\n<p><strong> Brasilia, 30 ene (PL<\/strong>) El ministro del Tribunal Superior de Justicia (TSJ) Humberto Martins neg\u00f3 hoy el pedido de habeas corpus formulado por la defensa de Luiz In\u00e1cio Lula da Silva para asegurar que el expresidente enfrente en libertad el resto del proceso.<\/p>\n<\/p>\n<p>Al negar la solicitud, el togado entendi\u00f3 que la decisi\u00f3n del Tribunal Regional Federal de la Cuarta Regi\u00f3n (TRF4) garantiza que Lula no ser\u00e1 preso antes de que sea apreciado el \u00faltimo recurso, por lo cual &#8216;no hay urgencia que justifique la concesi\u00f3n de la medida cautelar&#8217;, indic\u00f3 el diario digital Brasil 247.<\/p>\n<\/p>\n<p>El 24 de enero, el TRF4 ratific\u00f3 por unanimidad y agrav\u00f3 la condena impuesta por el juez federal Sergio Moro al <\/p>\n<\/p>\n<p>exmandatario brasile\u00f1o por los presuntos delitos de corrupci\u00f3n pasiva y lavado de dinero.<\/p>\n<\/p>\n<p>Los tres jueces encargados de examinar all\u00ed la apelaci\u00f3n presentada por la defensa del exdignatario coincidieron en desestimar \u00edntegramente los alegatos de la misma y respaldaron el voto del relator Joao Pedro Gebran Neto, quien elev\u00f3 a 12 a\u00f1os y un mes de prisi\u00f3n la pena dictada antes por Moro (nueve a\u00f1os y seis meses de c\u00e1rcel).<\/p>\n<\/p>\n<p>Adem\u00e1s, dispusieron que el encierro del exgobernante se consume una vez juzgados los recursos dirigidos a esa corte intermedia.<\/p>\n<\/p>\n<p>Al presentar este martes el habeas corpus la defensa de Lula reclam\u00f3 al TSJ desestimar la determinaci\u00f3n &#8216;inconstitucional e ilegal&#8217; del Tribunal Regional Federal de la Cuarta Regi\u00f3n.<\/p>\n<\/p>\n<p>Al ordenar el cumplimiento anticipado de la pena (sin agotar todos los recursos procesales en todas las instancias) el TRF4 contradice art\u00edculos contemplados en la Constituci\u00f3n Federal, el C\u00f3digo de Proceso Penal, la Convenci\u00f3n Americana de Derechos Humanos y el Pacto Internacional de Derechos Civiles y Pol\u00edticos, dijeron.<\/p>\n<\/p>\n<p>La ejecuci\u00f3n anticipada de la pena deliberada por el TRF4, agrega, &#8216;tambi\u00e9n choca con la fragilidad jur\u00eddica de la decisi\u00f3n proferida por aquel tribunal&#8217;.<\/p>\n<\/p>\n<p>En ese sentido remarca que Lula fue condenado por la supuesta pr\u00e1ctica de &#8216;actos indeterminados&#8217;, sin que se demostrara cualquier flujo financiero destinado al pago de ventajas indebidas al expresidente y solo sustentando dicha acusaci\u00f3n en la declaraci\u00f3n de un co-reo que negociaba una delaci\u00f3n premiada para reducir su condena.<\/p>\n<\/p>\n<p>No hubo demostraci\u00f3n de un comportamiento funcional espec\u00edfico vinculado a la pr\u00e1ctica u omisi\u00f3n de un acto de oficio, sin lo cual no se puede configurar un delito de corrupci\u00f3n pasiva, ni tampoco la entrega de cualquier bien o valor, tornando imposible que exista la pr\u00e1ctica del crimen de lavado de dinero, insiste el documento.<\/p>\n<\/p>\n<p>Por otra parte, el TRF4 public\u00f3 esta tarde la sentencia proferida el 24 de enero, con lo cual la defensa de Lula tendr\u00e1 12 d\u00edas para presentar los llamados embargos declaratorios.<\/p>\n<\/p>\n<p>La ratificaci\u00f3n de la condena por unanimidad (3-0) dej\u00f3 a los letrados de la defensa solo la posibilidad de solicitar explicaciones sobre algunos argumentos de la acusaci\u00f3n, pero en ning\u00fan caso pedir que se revierta la sanci\u00f3n.<\/p>\n<\/p>\n<p>ocs\/mpm<\/p>\n<h6> 2018-01-30 18:11:47 <\/h6>\n<p><!--\n<link rel=\"stylesheet\" href=\"css\/bootstrap.min.css\">\n\n\n<ul class=\"pagination\">\n\t    \n\t\n\n<li >\n\t<a href='?page_no=6701'>Previous<\/a>\n\t<\/li>\n\n\n       \n    \n\n<li><a href='?page_no=1'>1<\/a><\/li>\n\n\n\n<li><a href='?page_no=2'>2<\/a><\/li>\n\n\n\n<li><a>...<\/a><\/li>\n\n\n\n<li><a href='?page_no=6700'>6700<\/a><\/li>\n\n\n\n<li><a href='?page_no=6701'>6701<\/a><\/li>\n\n\n\n<li class='active'><a>6702<\/a><\/li>\n\n\n\n<li><a href='?page_no=6703'>6703<\/a><\/li>\n\n\n\n<li><a href='?page_no=6704'>6704<\/a><\/li>\n\n\n\n<li><a>...<\/a><\/li>\n\n\n\n<li><a href='?page_no=36999'>36999<\/a><\/li>\n\n\n\n<li><a href='?page_no=37000'>37000<\/a><\/li>\n\n    \n\t\n\n<li >\n\t<a href='?page_no=6703'>Next<\/a>\n\t<\/li>\n\n\n    \n\n<li><a href='?page_no=37000'>Last &rsaquo;&rsaquo;<\/a><\/li>\n\n<\/ul>\n\n\n--><br \/>\n<\/body><\/p>\n","protected":false},"excerpt":{"rendered":"<p>Brasilia, 30 ene (PL) El ministro del Tribunal Superior de Justicia (TSJ) Humberto Martins neg\u00f3 hoy el pedido de habeas corpus formulado por la defensa de Luiz In\u00e1cio Lula da Silva para asegurar que el expresidente enfrente en libertad el resto del proceso. Al negar la solicitud, el togado entendi\u00f3 que la decisi\u00f3n del Tribunal [&hellip;]<\/p>\n","protected":false},"author":3,"featured_media":0,"comment_status":"open","ping_status":"open","sticky":false,"template":"","format":"standard","meta":{"footnotes":""},"categories":[22],"tags":[],"class_list":["post-171392","post","type-post","status-publish","format-standard","hentry","category-politica"],"_links":{"self":[{"href":"https:\/\/diariodominicano.com\/index.php?rest_route=\/wp\/v2\/posts\/171392","targetHints":{"allow":["GET"]}}],"collection":[{"href":"https:\/\/diariodominicano.com\/index.php?rest_route=\/wp\/v2\/posts"}],"about":[{"href":"https:\/\/diariodominicano.com\/index.php?rest_route=\/wp\/v2\/types\/post"}],"author":[{"embeddable":true,"href":"https:\/\/diariodominicano.com\/index.php?rest_route=\/wp\/v2\/users\/3"}],"replies":[{"embeddable":true,"href":"https:\/\/diariodominicano.com\/index.php?rest_route=%2Fwp%2Fv2%2Fcomments&post=171392"}],"version-history":[{"count":0,"href":"https:\/\/diariodominicano.com\/index.php?rest_route=\/wp\/v2\/posts\/171392\/revisions"}],"wp:attachment":[{"href":"https:\/\/diariodominicano.com\/index.php?rest_route=%2Fwp%2Fv2%2Fmedia&parent=171392"}],"wp:term":[{"taxonomy":"category","embeddable":true,"href":"https:\/\/diariodominicano.com\/index.php?rest_route=%2Fwp%2Fv2%2Fcategories&post=171392"},{"taxonomy":"post_tag","embeddable":true,"href":"https:\/\/diariodominicano.com\/index.php?rest_route=%2Fwp%2Fv2%2Ftags&post=171392"}],"curies":[{"name":"wp","href":"https:\/\/api.w.org\/{rel}","templated":true}]}}