{"id":171390,"date":"2018-01-30T22:44:30","date_gmt":"2018-01-30T22:44:30","guid":{"rendered":"http:\/\/diariodominicano.ddns.net\/?p=171390"},"modified":"2018-01-30T22:44:30","modified_gmt":"2018-01-30T22:44:30","slug":"justicia-brasilena-niega-habeas-corpus-presentado-por-defensa-de-lula","status":"publish","type":"post","link":"https:\/\/diariodominicano.com\/?p=171390","title":{"rendered":"Justicia brasile\u00f1a niega habeas corpus presentado por defensa de Lula"},"content":{"rendered":"<p><body><\/p>\n<p><img decoding=\"async\" src=\"img3\/1silva.jpg\" \/>  <\/p>\n<p><strong> <\/strong><\/p>\n<p><strong>   RIO DE JANEIRO, 30 ene (Xinhua) &#8212;<\/strong> La justicia brasile\u00f1a rechaz\u00f3 hoy la solicitud de habeas corpus presentada por la defensa del ex presidente de Brasil, Luiz In\u00e1cio Lula da Silva, condenado hace una semana en segunda instancia a 12 a\u00f1os y un mes de c\u00e1rcel por corrupci\u00f3n. <\/p>\n<\/p>\n<p>   El juez del Superior Tribunal de Justicia (STJ), Humberto Martins, neg\u00f3 la petici\u00f3n al asegurar que los recursos a tribunales superiores no pueden discutir los hechos juzgados en primera y segunda instancia. <\/p>\n<\/p>\n<p>   \u00abEs posible la ejecuci\u00f3n provisional del acuerdo penal condenatorio proferido en grado de recurso, aunque sujeto a recurso especial o extraordinario, no habiendo hablado de violaci\u00f3n del principio constitucional de la presunci\u00f3n de inocencia\u00bb, justific\u00f3 Martins. <\/p>\n<\/p>\n<p>   El juez consider\u00f3 que al condenar a Lula la semana pasada, el tribunal en segunda instancia decidi\u00f3 que el ex mandatario s\u00f3lo puede ser detenido tras agotar los recursos en el propio tribunal, algo que no ha sucedido todav\u00eda.<\/p>\n<\/p>\n<p>   La defensa a\u00fan puede presentar los \u00abembargos de declaraci\u00f3n\u00bb. <\/p>\n<\/p>\n<p>   Los abogados de Lula presentaron este martes ante el STJ una solicitud de habeas corpus para impedir el arresto del ex mandatario.<\/p>\n<\/p>\n<p>   La semana pasada, el Tribunal Regional Federal de la Cuarta Regi\u00f3n, responsable de los procesos de la operaci\u00f3n \u00abLava Jato\u00bb (Lavadero), conden\u00f3 en segunda instancia a Lula da Silva a 12 a\u00f1os y un mes en r\u00e9gimen inicialmente cerrado.<\/p>\n<\/p>\n<p>   Los jueces decidieron adem\u00e1s que la pena deber\u00e1 ser cumplida cuando no haya m\u00e1s posibilidad de recurso en la Corte.<\/p>\n<\/p>\n<p>   En la acci\u00f3n presentada al STJ este martes, los abogados del ex mandatario argumentaron que la ejecuci\u00f3n de la pena tras condena en segunda instancia viola la Constituci\u00f3n, en la parte que dice que \u00abnadie ser\u00e1 considerado culpable hasta el tr\u00e1nsito en juzgado de la sentencia penal condenatoria\u00bb.<\/p>\n<\/p>\n<p>   La defensa tambi\u00e9n fundament\u00f3 la petici\u00f3n con base en el C\u00f3digo Penal, que prev\u00e9 s\u00f3lo prisi\u00f3n preventiva o despu\u00e9s de la \u00absentencia condenatoria transitada en juzgado\u00bb.<\/p>\n<\/p>\n<p>   El alegato de los abogados de Lula es que s\u00f3lo despu\u00e9s de haber agotado todos los recursos, incluso en las instancias superiores, incluidos el STJ y el Supremo Tribunal Federal (STF), un condenado puede comenzar a cumplir la pena.<\/p>\n<\/p>\n<p>   Las dos tesis presentadas por la defensa de Lula ya fueron analizadas por el STF en 2016, cuando la mayor\u00eda de los ministros entendi\u00f3 que era posible la ejecuci\u00f3n de la pena tras la condena en segunda instancia.<\/p>\n<\/p>\n<p>   En ese momento, la Suprema Corte consider\u00f3 que, tras esa etapa, no habr\u00eda dudas sobre los hechos y pruebas de un proceso penal.<\/p>\n<\/p>\n<p>   El fallo contra Lula se refiere a la acusaci\u00f3n de que recibi\u00f3 un departamento triplex en la ciudad de Guaruj\u00e1, en el litoral de Sao Paulo, de la constructora OAS, a cambio de favorecer a la empresa en contratos con la petrolera estatal Petrobras.<\/p>\n<\/p>\n<p>   La defensa niega las acusaciones, en funci\u00f3n de que el inmueble permaneci\u00f3 formalmente bajo propiedad de la OAS, y afirma que el ex presidente fue condenado sin pruebas. Fin<\/p>\n<\/p>\n<h6> 2018-01-30 22:44:30 <\/h6>\n<p><!--\n<link rel=\"stylesheet\" href=\"css\/bootstrap.min.css\">\n\n\n<ul class=\"pagination\">\n\t    \n\t\n\n<li >\n\t<a href='?page_no=6699'>Previous<\/a>\n\t<\/li>\n\n\n       \n    \n\n<li><a href='?page_no=1'>1<\/a><\/li>\n\n\n\n<li><a href='?page_no=2'>2<\/a><\/li>\n\n\n\n<li><a>...<\/a><\/li>\n\n\n\n<li><a href='?page_no=6698'>6698<\/a><\/li>\n\n\n\n<li><a href='?page_no=6699'>6699<\/a><\/li>\n\n\n\n<li class='active'><a>6700<\/a><\/li>\n\n\n\n<li><a href='?page_no=6701'>6701<\/a><\/li>\n\n\n\n<li><a href='?page_no=6702'>6702<\/a><\/li>\n\n\n\n<li><a>...<\/a><\/li>\n\n\n\n<li><a href='?page_no=36999'>36999<\/a><\/li>\n\n\n\n<li><a href='?page_no=37000'>37000<\/a><\/li>\n\n    \n\t\n\n<li >\n\t<a href='?page_no=6701'>Next<\/a>\n\t<\/li>\n\n\n    \n\n<li><a href='?page_no=37000'>Last &rsaquo;&rsaquo;<\/a><\/li>\n\n<\/ul>\n\n\n--><br \/>\n<\/body><\/p>\n","protected":false},"excerpt":{"rendered":"<p>RIO DE JANEIRO, 30 ene (Xinhua) &#8212; La justicia brasile\u00f1a rechaz\u00f3 hoy la solicitud de habeas corpus presentada por la defensa del ex presidente de Brasil, Luiz In\u00e1cio Lula da Silva, condenado hace una semana en segunda instancia a 12 a\u00f1os y un mes de c\u00e1rcel por corrupci\u00f3n. El juez del Superior Tribunal de Justicia [&hellip;]<\/p>\n","protected":false},"author":3,"featured_media":0,"comment_status":"open","ping_status":"open","sticky":false,"template":"","format":"standard","meta":{"footnotes":""},"categories":[22],"tags":[],"class_list":["post-171390","post","type-post","status-publish","format-standard","hentry","category-politica"],"_links":{"self":[{"href":"https:\/\/diariodominicano.com\/index.php?rest_route=\/wp\/v2\/posts\/171390","targetHints":{"allow":["GET"]}}],"collection":[{"href":"https:\/\/diariodominicano.com\/index.php?rest_route=\/wp\/v2\/posts"}],"about":[{"href":"https:\/\/diariodominicano.com\/index.php?rest_route=\/wp\/v2\/types\/post"}],"author":[{"embeddable":true,"href":"https:\/\/diariodominicano.com\/index.php?rest_route=\/wp\/v2\/users\/3"}],"replies":[{"embeddable":true,"href":"https:\/\/diariodominicano.com\/index.php?rest_route=%2Fwp%2Fv2%2Fcomments&post=171390"}],"version-history":[{"count":0,"href":"https:\/\/diariodominicano.com\/index.php?rest_route=\/wp\/v2\/posts\/171390\/revisions"}],"wp:attachment":[{"href":"https:\/\/diariodominicano.com\/index.php?rest_route=%2Fwp%2Fv2%2Fmedia&parent=171390"}],"wp:term":[{"taxonomy":"category","embeddable":true,"href":"https:\/\/diariodominicano.com\/index.php?rest_route=%2Fwp%2Fv2%2Fcategories&post=171390"},{"taxonomy":"post_tag","embeddable":true,"href":"https:\/\/diariodominicano.com\/index.php?rest_route=%2Fwp%2Fv2%2Ftags&post=171390"}],"curies":[{"name":"wp","href":"https:\/\/api.w.org\/{rel}","templated":true}]}}