{"id":171387,"date":"2018-01-30T23:56:08","date_gmt":"2018-01-30T23:56:08","guid":{"rendered":"http:\/\/diariodominicano.ddns.net\/?p=171387"},"modified":"2018-01-30T23:56:08","modified_gmt":"2018-01-30T23:56:08","slug":"dialogo-entre-venezolanos-a-su-tercera-jornada-en-republica-dominicana","status":"publish","type":"post","link":"https:\/\/diariodominicano.com\/?p=171387","title":{"rendered":"Di\u00e1logo entre venezolanos a su tercera jornada en Rep\u00fablica Dominicana"},"content":{"rendered":"<p><body><\/p>\n<p><img decoding=\"async\" src=\"img3\/0-venezuela.jpg\" \/>  <\/p>\n<p><strong> Santo Domingo, 30 ene (PL) <\/strong>El di\u00e1logo que se lleva a cabo en Rep\u00fablica Dominicana entre el gobierno y la oposici\u00f3n venezolana va a su tercera jornada ante la necesidad continuar las reuniones entre las partes en la b\u00fasqueda de acuerdos.<\/p>\n<\/p>\n<p>La informaci\u00f3n la brind\u00f3 a la prensa el jefe de la delegaci\u00f3n del gobierno venezolano, Jorge Rodr\u00edguez, luego de mantenerse reunidos cerca de siete horas en la sede de la canciller\u00eda de esta naci\u00f3n.<\/p>\n<\/p>\n<p>La paz y la tranquilidad que todos los venezolanos amamos merecen que le dediquemos todo el tiempo necesario para lograrlo, se\u00f1al\u00f3 Rodr\u00edguez al explicar los motivos que llevaron a extender el di\u00e1logo hasta ma\u00f1ana mi\u00e9rcoles, aunque las delegaciones no detendr\u00e1n el trabajo.<\/p>\n<\/p>\n<p>El dirigente venezolano manifest\u00f3 que las partes decidieron trabajar durante toda la noche en reuniones bilaterales en busca del acuerdo definitivo y para eso no escatiman tiempo .<\/p>\n<\/p>\n<p>Asimismo, dijo que espera que ma\u00f1ana la jornada no sea tan larga como como la de este martes pues para ellos las pl\u00e1ticas continuar\u00e1n.<\/p>\n<\/p>\n<p>&#8216;Estamos bastante avanzados, solo faltan dos punticos de los seis que est\u00e1n en la discusi\u00f3n, digamos estamos a un 98 por ciento&#8217;, agreg\u00f3.<\/p>\n<\/p>\n<p>Por \u00faltimo, se refiri\u00f3 a las presiones soportadas en la mesa de discusiones desde el exterior, y destac\u00f3 en espec\u00edfico las recibidas por la oposici\u00f3n.<\/p>\n<\/p>\n<p>No tengan dudas, sabemos que llegar a un acuerdo es el clamor de las grandes mayor\u00edas piensen como piensen y en eso trabajamos porque todos amamos la paz y la tranquilidad adem\u00e1s de merecerlo, concluy\u00f3.<\/p>\n<\/p>\n<p>Con esta posposici\u00f3n, se vuelve a extender el plazo para quienes esperan que surja de este di\u00e1logo un acuerdo de convivencia pac\u00edfica y paz para Venezuela.<\/p>\n<\/p>\n<p>En la reuni\u00f3n de hoy participaron adem\u00e1s de las delegaciones del gobierno y la oposici\u00f3n venezolana, el presidente dominicano, Danilo Medina; el expresidente del gobierno espa\u00f1ol Jos\u00e9 Luis Rodr\u00edguez Zapatero; el canciller, Miguel Vargas; y los acompa\u00f1antes de Chile, Bolivia, Nicaragua y San Vicente y las Granadinas.<\/p>\n<\/p>\n<p>agp\/ema<\/p>\n<h6> 2018-01-30 23:56:08 <\/h6>\n<p><!--\n<link rel=\"stylesheet\" href=\"css\/bootstrap.min.css\">\n\n\n<ul class=\"pagination\">\n\t    \n\t\n\n<li >\n\t<a href='?page_no=6698'>Previous<\/a>\n\t<\/li>\n\n\n       \n    \n\n<li><a href='?page_no=1'>1<\/a><\/li>\n\n\n\n<li><a href='?page_no=2'>2<\/a><\/li>\n\n\n\n<li><a>...<\/a><\/li>\n\n\n\n<li><a href='?page_no=6697'>6697<\/a><\/li>\n\n\n\n<li><a href='?page_no=6698'>6698<\/a><\/li>\n\n\n\n<li class='active'><a>6699<\/a><\/li>\n\n\n\n<li><a href='?page_no=6700'>6700<\/a><\/li>\n\n\n\n<li><a href='?page_no=6701'>6701<\/a><\/li>\n\n\n\n<li><a>...<\/a><\/li>\n\n\n\n<li><a href='?page_no=36999'>36999<\/a><\/li>\n\n\n\n<li><a href='?page_no=37000'>37000<\/a><\/li>\n\n    \n\t\n\n<li >\n\t<a href='?page_no=6700'>Next<\/a>\n\t<\/li>\n\n\n    \n\n<li><a href='?page_no=37000'>Last &rsaquo;&rsaquo;<\/a><\/li>\n\n<\/ul>\n\n\n--><br \/>\n<\/body><\/p>\n","protected":false},"excerpt":{"rendered":"<p>Santo Domingo, 30 ene (PL) El di\u00e1logo que se lleva a cabo en Rep\u00fablica Dominicana entre el gobierno y la oposici\u00f3n venezolana va a su tercera jornada ante la necesidad continuar las reuniones entre las partes en la b\u00fasqueda de acuerdos. La informaci\u00f3n la brind\u00f3 a la prensa el jefe de la delegaci\u00f3n del gobierno [&hellip;]<\/p>\n","protected":false},"author":3,"featured_media":0,"comment_status":"open","ping_status":"open","sticky":false,"template":"","format":"standard","meta":{"footnotes":""},"categories":[22],"tags":[],"class_list":["post-171387","post","type-post","status-publish","format-standard","hentry","category-politica"],"_links":{"self":[{"href":"https:\/\/diariodominicano.com\/index.php?rest_route=\/wp\/v2\/posts\/171387","targetHints":{"allow":["GET"]}}],"collection":[{"href":"https:\/\/diariodominicano.com\/index.php?rest_route=\/wp\/v2\/posts"}],"about":[{"href":"https:\/\/diariodominicano.com\/index.php?rest_route=\/wp\/v2\/types\/post"}],"author":[{"embeddable":true,"href":"https:\/\/diariodominicano.com\/index.php?rest_route=\/wp\/v2\/users\/3"}],"replies":[{"embeddable":true,"href":"https:\/\/diariodominicano.com\/index.php?rest_route=%2Fwp%2Fv2%2Fcomments&post=171387"}],"version-history":[{"count":0,"href":"https:\/\/diariodominicano.com\/index.php?rest_route=\/wp\/v2\/posts\/171387\/revisions"}],"wp:attachment":[{"href":"https:\/\/diariodominicano.com\/index.php?rest_route=%2Fwp%2Fv2%2Fmedia&parent=171387"}],"wp:term":[{"taxonomy":"category","embeddable":true,"href":"https:\/\/diariodominicano.com\/index.php?rest_route=%2Fwp%2Fv2%2Fcategories&post=171387"},{"taxonomy":"post_tag","embeddable":true,"href":"https:\/\/diariodominicano.com\/index.php?rest_route=%2Fwp%2Fv2%2Ftags&post=171387"}],"curies":[{"name":"wp","href":"https:\/\/api.w.org\/{rel}","templated":true}]}}