{"id":171386,"date":"2018-01-31T08:01:41","date_gmt":"2018-01-31T08:01:41","guid":{"rendered":"http:\/\/diariodominicano.ddns.net\/?p=171386"},"modified":"2018-01-31T08:01:41","modified_gmt":"2018-01-31T08:01:41","slug":"lula-da-silva-continua-liderando-escenario-electoral-en-brasil","status":"publish","type":"post","link":"https:\/\/diariodominicano.com\/?p=171386","title":{"rendered":"Lula da Silva contin\u00faa liderando escenario electoral en Brasil"},"content":{"rendered":"<p><body><\/p>\n<p><img decoding=\"async\" src=\"img3\/LulaDaSilva31.jpg\" \/>  <\/p>\n<p> <span class=\"text1noticias\">     BRASILIA, 31 ene (Xinhua) &#8212; Una semana despu\u00e9s de su condena por un tribunal de apelaci\u00f3n, el expresidente brasile\u00f1o Luiz Inacio Lula da Silva (2003-2010) mantiene el liderazgo en la carrera electoral de Brasil en todos los escenarios posibles, seg\u00fan apunt\u00f3 la \u00faltima encuesta del instituto Datafolha, divulgada este mi\u00e9rcoles.<\/span><\/p>\n<p><span class=\"text1noticias\"> <\/span><\/p>\n<p><span class=\"text1noticias\">     El l\u00edder del Partido de los Trabajadores (PT) registra entre el 34 y el 37 por ciento de las preferencias del electorado, dependiendo del escenario considerado.<\/span><\/p>\n<p><span class=\"text1noticias\"> <\/span><\/p>\n<p><span class=\"text1noticias\">     Lula da Silva fue condenado la semana pasada en segunda instancia a 12 a\u00f1os y un mes de prisi\u00f3n por los delitos de corrupci\u00f3n pasiva y lavado de dinero, lo que podr\u00eda impedir que se postule en las elecciones de octubre, debido a la Ley de la Ficha Limpia.<\/span><\/p>\n<p><span class=\"text1noticias\"> <\/span><\/p>\n<p><span class=\"text1noticias\">     La encuesta Datafolha fue realizada los d\u00edas 29 y 30 de enero, despu\u00e9s, por lo tanto, del juicio en el Tribunal Regional de Porto Alegre, que ocurri\u00f3 el mi\u00e9rcoles 24.<\/span><\/p>\n<p><span class=\"text1noticias\"> <\/span><\/p>\n<p><span class=\"text1noticias\">     Las posibilidades de la candidatura del exmandatario depender\u00e1n de nuevos recursos presentados ante tribunales superiores, aunque la mayor\u00eda de los analistas considera muy improbable que sea habilitado.<\/span><\/p>\n<p><span class=\"text1noticias\"> <\/span><\/p>\n<p><span class=\"text1noticias\">     En la encuesta Datafolha el diputado de extrema derecha Jair Bolsonaro, del Partido Social Cristiano (PSC), se sit\u00faa en segundo lugar, con entre un 15 y un 18 por ciento de las preferencias, dependiendo del escenario.<\/span><\/p>\n<p><span class=\"text1noticias\"> <\/span><\/p>\n<p><span class=\"text1noticias\">     A pesar de liderar una eventual carrera sin Lula da Silva, el diputado derechista dej\u00f3 de crecer, oscilando negativamente en todos los cuadros presentados en la encuesta en comparaci\u00f3n con su auge en noviembre, tanto para la primera como para la segunda vuelta.<\/span><\/p>\n<p><span class=\"text1noticias\"> <\/span><\/p>\n<p><span class=\"text1noticias\">     En los escenarios que incluyen a Lula da Silva, el tercer lugar presenta empate t\u00e9cnico, con el gobernador de Sao Paulo, Geraldo Alckmin, del Partido Social Dem\u00f3crata Brasile\u00f1o (PSDB), y el exministro de Hacienda, Ciro Gomes, del Partido Laborista Brasile\u00f1o (PDT), con un 7 por ciento de los votos.<\/span><\/p>\n<p><span class=\"text1noticias\"> <\/span><\/p>\n<p><span class=\"text1noticias\">     Para la segunda vuelta, Lula da Silva se impone en todos los escenarios, superando a Alckmin con un 49-30 por ciento, a la exministra de Medio Ambiente Marina Silva, del partido Red, con un 47-32 por ciento, y a Bolsonaro con un 49-32 por ciento.<\/span><\/p>\n<p><span class=\"text1noticias\"> <\/span><\/p>\n<p><span class=\"text1noticias\">     En los dem\u00e1s escenarios de segunda vuelta considerados, Alckmin aparece t\u00e9cnicamente empatado con Ciro Gomes, con un 34 contra un 32 por ciento de los votos, as\u00ed como con Bolsonaro, con un 35 contra un 33 por ciento.<\/span><\/p>\n<p><span class=\"text1noticias\"> <\/span><\/p>\n<p><span class=\"text1noticias\">     Aunque no encabezan la disputa en los escenarios que no consideran la candidatura de Lula, la encuesta muestra que la salida del l\u00edder petista impulsar\u00eda principalmente los nombres de Marina Silva y Ciro Gomes.<\/span><\/p>\n<p><span class=\"text1noticias\"> <\/span><\/p>\n<p><span class=\"text1noticias\">     En caso de que el exmandatario se vea impedido de competir, Marina pasar\u00eda del 8 al 13 por ciento, seg\u00fan la encuesta, mientras que el exministro saltar\u00eda del 6 al 10 por ciento.<\/span><\/p>\n<p><span class=\"text1noticias\"> <\/span><\/p>\n<p><span class=\"text1noticias\">     Al mismo tiempo, el sondeo indica una pulverizaci\u00f3n de los votos concentrados por Lula y una incapacidad de, en este momento, transferir sus votos a otros posibles candidatos del PT.<\/span><\/p>\n<p><span class=\"text1noticias\"> <\/span><\/p>\n<p><span class=\"text1noticias\">     Uno de los principales nombres considerados en el partido, el del exgobernador bahiano Jaques Wagner, aparece con apenas el 2 por ciento de las intenciones de voto en la encuesta.<\/span><\/p>\n<p><span class=\"text1noticias\"> <\/span><\/p>\n<p><span class=\"text1noticias\">     Por otro lado, el porcentaje de los votantes que dice no saber a qui\u00e9n votar o que votar\u00eda en blanco o nulo aumentar\u00eda del 16 al 26 por ciento en caso de que Lula da Silva no fu<\/span>era candidato.<\/p>\n<h6> 2018-01-31 08:01:41 <\/h6>\n<p><!--\n<link rel=\"stylesheet\" href=\"css\/bootstrap.min.css\">\n\n\n<ul class=\"pagination\">\n\t    \n\t\n\n<li >\n\t<a href='?page_no=6697'>Previous<\/a>\n\t<\/li>\n\n\n       \n    \n\n<li><a href='?page_no=1'>1<\/a><\/li>\n\n\n\n<li><a href='?page_no=2'>2<\/a><\/li>\n\n\n\n<li><a>...<\/a><\/li>\n\n\n\n<li><a href='?page_no=6696'>6696<\/a><\/li>\n\n\n\n<li><a href='?page_no=6697'>6697<\/a><\/li>\n\n\n\n<li class='active'><a>6698<\/a><\/li>\n\n\n\n<li><a href='?page_no=6699'>6699<\/a><\/li>\n\n\n\n<li><a href='?page_no=6700'>6700<\/a><\/li>\n\n\n\n<li><a>...<\/a><\/li>\n\n\n\n<li><a href='?page_no=36999'>36999<\/a><\/li>\n\n\n\n<li><a href='?page_no=37000'>37000<\/a><\/li>\n\n    \n\t\n\n<li >\n\t<a href='?page_no=6699'>Next<\/a>\n\t<\/li>\n\n\n    \n\n<li><a href='?page_no=37000'>Last &rsaquo;&rsaquo;<\/a><\/li>\n\n<\/ul>\n\n\n--><br \/>\n<\/body><\/p>\n","protected":false},"excerpt":{"rendered":"<p>BRASILIA, 31 ene (Xinhua) &#8212; Una semana despu\u00e9s de su condena por un tribunal de apelaci\u00f3n, el expresidente brasile\u00f1o Luiz Inacio Lula da Silva (2003-2010) mantiene el liderazgo en la carrera electoral de Brasil en todos los escenarios posibles, seg\u00fan apunt\u00f3 la \u00faltima encuesta del instituto Datafolha, divulgada este mi\u00e9rcoles. El l\u00edder del Partido de [&hellip;]<\/p>\n","protected":false},"author":3,"featured_media":0,"comment_status":"open","ping_status":"open","sticky":false,"template":"","format":"standard","meta":{"footnotes":""},"categories":[22],"tags":[],"class_list":["post-171386","post","type-post","status-publish","format-standard","hentry","category-politica"],"_links":{"self":[{"href":"https:\/\/diariodominicano.com\/index.php?rest_route=\/wp\/v2\/posts\/171386","targetHints":{"allow":["GET"]}}],"collection":[{"href":"https:\/\/diariodominicano.com\/index.php?rest_route=\/wp\/v2\/posts"}],"about":[{"href":"https:\/\/diariodominicano.com\/index.php?rest_route=\/wp\/v2\/types\/post"}],"author":[{"embeddable":true,"href":"https:\/\/diariodominicano.com\/index.php?rest_route=\/wp\/v2\/users\/3"}],"replies":[{"embeddable":true,"href":"https:\/\/diariodominicano.com\/index.php?rest_route=%2Fwp%2Fv2%2Fcomments&post=171386"}],"version-history":[{"count":0,"href":"https:\/\/diariodominicano.com\/index.php?rest_route=\/wp\/v2\/posts\/171386\/revisions"}],"wp:attachment":[{"href":"https:\/\/diariodominicano.com\/index.php?rest_route=%2Fwp%2Fv2%2Fmedia&parent=171386"}],"wp:term":[{"taxonomy":"category","embeddable":true,"href":"https:\/\/diariodominicano.com\/index.php?rest_route=%2Fwp%2Fv2%2Fcategories&post=171386"},{"taxonomy":"post_tag","embeddable":true,"href":"https:\/\/diariodominicano.com\/index.php?rest_route=%2Fwp%2Fv2%2Ftags&post=171386"}],"curies":[{"name":"wp","href":"https:\/\/api.w.org\/{rel}","templated":true}]}}