{"id":171385,"date":"2018-01-31T11:09:16","date_gmt":"2018-01-31T11:09:16","guid":{"rendered":"http:\/\/diariodominicano.ddns.net\/?p=171385"},"modified":"2018-01-31T11:09:16","modified_gmt":"2018-01-31T11:09:16","slug":"la-huelga-coraje","status":"publish","type":"post","link":"https:\/\/diariodominicano.com\/?p=171385","title":{"rendered":"La huelga \u00abcoraje\u00bb"},"content":{"rendered":"<p><body><\/p>\n<p><img decoding=\"async\" src=\"img3\/sui2.jpg\" \/><br \/><img decoding=\"async\" src=\"img3\/sui3.jpg\" \/>  <\/p>\n<p>Por Sergio Ferrari, desde Berna, Suiza<\/p>\n<\/p>\n<p>En un pa\u00eds donde la paz social parece tener fuerza de mandamiento b\u00edblico y donde las huelgas se pueden contar con los dedos de una mano, los periodistas de la agencia nacional de noticias (Agencia Telegr\u00e1fica Suiza, ATS) iniciaron esta \u00faltima semana de enero un paro por tiempo indeterminado.<\/p>\n<\/p>\n<p>La medida de fuerza que comenz\u00f3 el martes 30 ? y que vive su segundo d\u00eda en el momento en que se escribe este art\u00edculo- no solo sac\u00f3 del anonimato a los hist\u00f3ricos \u00abagencieros\u00bb &#8211; es decir los periodistas sin nombre ni firma que producen la m\u00e1s rica informaci\u00f3n de base en cualquier pa\u00eds del mundo-, sino que puso en el centro del debate p\u00fablico helv\u00e9tico el concepto mismo de la informaci\u00f3n.<\/p>\n<\/p>\n<p>La huelga de este fin de enero, dio continuidad a una previa de 3 horas realizada el martes 23 de enero, a trav\u00e9s de la cual la redacci\u00f3n de la agencia nacional advert\u00eda al Consejo de Administraci\u00f3n el camino que seguir\u00eda en caso que no avance la negociaci\u00f3n seria entre las partes, fundamental en cualquier partenariado social que se reivindique como tal.<\/p>\n<\/p>\n<p>D\u00edas antes, la direcci\u00f3n de la ATS hab\u00eda comunicado, de un momento a otro, jun paquete de econom\u00edas que implica la reducci\u00f3n de un 25 % de sus efectivos.<\/p>\n<\/p>\n<p>Y que significa el licenciamiento directo o la disminuci\u00f3n obligada de tiempo de trabajo de 40 puestos -que golpear\u00e1 a unos 60 periodistas con dedicaci\u00f3n parcial-, sobre un total de 150 puestos con los que cuenta la agencia.<\/p>\n<\/p>\n<p>Los principales afectados:  las y los j\u00f3venes que realizaban su primera experiencia profesional, as\u00ed como las y los periodistas de m\u00e1s de 60 a\u00f1os de edad, muchos de los cuales portadores de tres o cuatro d\u00e9cadas de experiencia en la misma ATS, y que constituyen un capital profesional-humano irremplazable.<\/p>\n<\/p>\n<p>Tras la decisi\u00f3n del Consejo de Administraci\u00f3n, un cambio abrupto e inconsulto sobe la definici\u00f3n de la esencia misma de la ATS. Si bien desde su fundaci\u00f3n en 1895, la misma tiene una estructura jur\u00eddica de empresa privada, cuenta desde su nacimiento con una Carta de Principios que define \u00abal producto de base\u00bb (flujo informativo diario) como \u00abservicio p\u00fablico\u00bb, sin fines de rentabilidad o lucro.<\/p>\n<\/p>\n<p>Dando muestras de enorme oportunismo, en las \u00faltimas horas, la actual direcci\u00f3n de la ATS, borr\u00f3 de su sitio web esta Carta de Principios. En paralelo, el CEO (director ejecutivo) de la misma, Markus Schwab, declaraba en una entrevista dominical \u00abno deberle nada a nadie\u00bb ? ni al p\u00fablico, ni al personal, ni a la sociedad- sino, solamente, \u00aba sus accionistas\u00bb, despreciando as\u00ed por completo la responsabilidad ciudadana de la agencia nacional de noticias.<\/p>\n<\/p>\n<p>Los principales \u00abclientes\u00bb de la misma son la Radio y Televisi\u00f3n P\u00fablica (SSR); el Gobierno suizo; as\u00ed como un grupo de editores de prensa privados que est\u00e1n detr\u00e1s de estas medidas de econom\u00eda y de reestructuraci\u00f3n que sacrifican al personal.<\/p>\n<\/p>\n<p>La huelga de los periodistas, liderada por una juvenil y colectiva Comisi\u00f3n de Redacci\u00f3n (CORE) y apoyada en primera l\u00ednea por el sindicato de la comunicaci\u00f3n SYNDICOM, as\u00ed como por la asociaci\u00f3n Impressum, ha ganado la simpat\u00eda mayoritaria de todos los medios de prensa sin excepci\u00f3n, de la sociedad civil en general -sindicatos, asociaciones, ONG etc.-, as\u00ed como de buena parte de la clase pol\u00edtica e importantes personalidades de gobiernos cantonales y nacional. Doris Leuthard, responsable de un mega ministerio que incluye la Oficina Federal de Comunicaci\u00f3n, expres\u00f3 su comprensi\u00f3n por la medida de lucha de los hombres y mujeres de prensa y propuso el di\u00e1logo razonable entre contrapartes sociales.<\/p>\n<\/p>\n<p>Di\u00e1logo de sordos que la direcci\u00f3n de la ATS rechaza dar. Incapaz de adelantar a su personal una estrategia clara de futuro donde la calidad y la cantidad de la producci\u00f3n de noticias pueda asegurarse. Donde el rol del aporte de la ATS a la integraci\u00f3n nacional pueda continuar existiendo como premisa (la \u00fanica agencia que asegura su servicio en las tres lenguas oficiales, es decir alem\u00e1n, franc\u00e9s e italiano).  <\/p>\n<\/p>\n<p>Y en la cual, la responsabilidad ciudadana que ha jugado la agencia nacional ? produciendo un tipo de informaci\u00f3n de gran calidad reconocido por todo el espectro medi\u00e1tico nacional-  puede seguir operando a favor de un verdadero reforzamiento de la democracia en la diversidad en una Confederaci\u00f3n que nuclea cuatro regiones ling\u00fc\u00edsticas y 26 cantones (provincias descentralizadas, con gran poder de decisi\u00f3n y autonom\u00eda).<\/p>\n<\/p>\n<p>Huelga corajuda y ya \u00abhist\u00f3rica\u00bb. Es la primera vez que en la ATS se hace una huelga en sus 123 a\u00f1os de existencia y es una de las primeras veces que el gremio period\u00edstico convoca a una medida de este tipo por tiempo indeterminada.  Movilizaci\u00f3n ciudadana que refuerza el debate ya presente en la sociedad suiza sobre el significado mismo de la informaci\u00f3n.<\/p>\n<\/p>\n<p>Para algunas empresas casi monop\u00f3licas como Tamedia -controla el 68 % de la cuota de mercado en el sector-  due\u00f1as de una gran parte de cotidianos, revistas, grupos de publicidad etc., la informaci\u00f3n no es m\u00e1s que una mercanc\u00eda y la ganancia, producto de su venta, debe alimentar los dividendos empresariales de sus accionistas.<\/p>\n<\/p>\n<p>Para parte de la clase pol\u00edtica y una parte significativa de la sociedad civil ? incluyendo sindicatos, ONG, mundo asociativo-, la informaci\u00f3n constituye un \u00abbien p\u00fablico\u00bb, esencial para el reforzamiento de la democracia. Y por lo tanto una preciosa construcci\u00f3n ciudadana a la que no se le puede poner un precio de mercado sino el valor agregado propio de un cuarto pilar\/poder de la democracia helv\u00e9tica.<\/p>\n<\/p>\n<p>Debate candente y apasionado que recrudece no solo a la luz de la huelga de la redacci\u00f3n de la ATS, sino de la pr\u00f3xima votaci\u00f3n del 4 de marzo. El pueblo suizo deber\u00e1 decidir en las urnas si acepta o no una iniciativa reaccionaria que propone liquidar la subvenci\u00f3n p\u00fablica a la Radio y Televisi\u00f3n Nacional, es decir, que conllevar\u00eda al desmantelamiento de la radio y televisi\u00f3n p\u00fablicas.<\/p>\n<\/p>\n<p>La huelga de la Agencia Nacional de Noticias constituye, adem\u00e1s, el mejor aporte al debate en torno a lo que puede pasar en Suiza si se aprobara el 4 de marzo esa iniciativa reaccionaria. El desmantelamiento de la ATS que propugna su direcci\u00f3n es el ejemplo, en chiquito, de lo que podr\u00eda pasar en gran escala en Suiza si se aprueba el 4 de marzo la denominada Iniciativa No-Billag. La destrucci\u00f3n de los medios de comunicaci\u00f3n que se consideran \u00abservicios p\u00fablicos\u00bb y la apertura, de par en par, de la privatizaci\u00f3n total de la informaci\u00f3n.<\/p>\n<\/p>\n<p>*Sergio Ferrari, periodista y co-presidente de la Rama Prensa de SYNDICOM, sindicato suizo de la comunicaci\u00f3n<\/p>\n<h6> 2018-01-31 11:09:16 <\/h6>\n<p><!--\n<link rel=\"stylesheet\" href=\"css\/bootstrap.min.css\">\n\n\n<ul class=\"pagination\">\n\t    \n\t\n\n<li >\n\t<a href='?page_no=6696'>Previous<\/a>\n\t<\/li>\n\n\n       \n    \n\n<li><a href='?page_no=1'>1<\/a><\/li>\n\n\n\n<li><a href='?page_no=2'>2<\/a><\/li>\n\n\n\n<li><a>...<\/a><\/li>\n\n\n\n<li><a href='?page_no=6695'>6695<\/a><\/li>\n\n\n\n<li><a href='?page_no=6696'>6696<\/a><\/li>\n\n\n\n<li class='active'><a>6697<\/a><\/li>\n\n\n\n<li><a href='?page_no=6698'>6698<\/a><\/li>\n\n\n\n<li><a href='?page_no=6699'>6699<\/a><\/li>\n\n\n\n<li><a>...<\/a><\/li>\n\n\n\n<li><a href='?page_no=36999'>36999<\/a><\/li>\n\n\n\n<li><a href='?page_no=37000'>37000<\/a><\/li>\n\n    \n\t\n\n<li >\n\t<a href='?page_no=6698'>Next<\/a>\n\t<\/li>\n\n\n    \n\n<li><a href='?page_no=37000'>Last &rsaquo;&rsaquo;<\/a><\/li>\n\n<\/ul>\n\n\n--><br \/>\n<\/body><\/p>\n","protected":false},"excerpt":{"rendered":"<p>Por Sergio Ferrari, desde Berna, Suiza En un pa\u00eds donde la paz social parece tener fuerza de mandamiento b\u00edblico y donde las huelgas se pueden contar con los dedos de una mano, los periodistas de la agencia nacional de noticias (Agencia Telegr\u00e1fica Suiza, ATS) iniciaron esta \u00faltima semana de enero un paro por tiempo indeterminado. [&hellip;]<\/p>\n","protected":false},"author":3,"featured_media":0,"comment_status":"open","ping_status":"open","sticky":false,"template":"","format":"standard","meta":{"footnotes":""},"categories":[22],"tags":[],"class_list":["post-171385","post","type-post","status-publish","format-standard","hentry","category-politica"],"_links":{"self":[{"href":"https:\/\/diariodominicano.com\/index.php?rest_route=\/wp\/v2\/posts\/171385","targetHints":{"allow":["GET"]}}],"collection":[{"href":"https:\/\/diariodominicano.com\/index.php?rest_route=\/wp\/v2\/posts"}],"about":[{"href":"https:\/\/diariodominicano.com\/index.php?rest_route=\/wp\/v2\/types\/post"}],"author":[{"embeddable":true,"href":"https:\/\/diariodominicano.com\/index.php?rest_route=\/wp\/v2\/users\/3"}],"replies":[{"embeddable":true,"href":"https:\/\/diariodominicano.com\/index.php?rest_route=%2Fwp%2Fv2%2Fcomments&post=171385"}],"version-history":[{"count":0,"href":"https:\/\/diariodominicano.com\/index.php?rest_route=\/wp\/v2\/posts\/171385\/revisions"}],"wp:attachment":[{"href":"https:\/\/diariodominicano.com\/index.php?rest_route=%2Fwp%2Fv2%2Fmedia&parent=171385"}],"wp:term":[{"taxonomy":"category","embeddable":true,"href":"https:\/\/diariodominicano.com\/index.php?rest_route=%2Fwp%2Fv2%2Fcategories&post=171385"},{"taxonomy":"post_tag","embeddable":true,"href":"https:\/\/diariodominicano.com\/index.php?rest_route=%2Fwp%2Fv2%2Ftags&post=171385"}],"curies":[{"name":"wp","href":"https:\/\/api.w.org\/{rel}","templated":true}]}}