{"id":171384,"date":"2018-01-31T11:20:26","date_gmt":"2018-01-31T11:20:26","guid":{"rendered":"http:\/\/diariodominicano.ddns.net\/?p=171384"},"modified":"2018-01-31T11:20:26","modified_gmt":"2018-01-31T11:20:26","slug":"ventura-camejo-sostuvo-fructifera-reunion-con-director-coraasan-y-otros-funcionarios","status":"publish","type":"post","link":"https:\/\/diariodominicano.com\/?p=171384","title":{"rendered":"Ventura Camejo sostuvo fruct\u00edfera reuni\u00f3n con director CORAASAN y otros funcionarios"},"content":{"rendered":"<p><body><\/p>\n<p><img decoding=\"async\" src=\"img3\/camejos.jpg\" \/>  <\/p>\n<p>SANTIAGO.- El ministro de  Administraci\u00f3n P\u00fablica, licenciado Ram\u00f3n Ventura Camejo,  sostuvo una fruct\u00edfera reuni\u00f3n con el director de la<\/p>\n<p>Corporaci\u00f3n de Acueducto y Alcantarillado de Santiago (CORAASAN), ingeniero Silvio Dur\u00e1n,  y parte de su equipo, con los cuales  analiz\u00f3<\/p>\n<p>importantes temas relacionados con el mejoramiento de los servicios p\u00fablicos.<\/p>\n<\/p>\n<p>El licenciado Ventura Camejo les habl\u00f3 a los funcionarios de la CORAASAN,  del importante Seminario Internacional de Reforma de la<\/p>\n<p>Macro-estructura del Estado, en el cual estar\u00e1n presentes expertos y representaciones de varios pa\u00edses. Tambi\u00e9n les inform\u00f3 de otros temas<\/p>\n<p>importantes para el desarrollo de la administraci\u00f3n p\u00fablica.<\/p>\n<\/p>\n<p>Junto al director de la CORAASAN, estuvieron Gustavo Cabrera, gerente Comercial, Hilario Paulino, Gerente de Recursos Humanos, Lucy Tejeda,<\/p>\n<p>Gerente de Planificaci\u00f3n y Desarrollo, Dar\u00edo Fern\u00e1ndez, de Relaciones P\u00fablicas, y otras personalidades, seg\u00fan lo informado por el periodista Lu\u00eds C\u00e9spedes Pe\u00f1a.<\/p>\n<\/p>\n<p>El seminario ser\u00e1 inaugurado el 14 de Febrero, para ser desarrollado en la capital del 15 al 16. El principal ejecutivo del Ministerio de<\/p>\n<p>Administraci\u00f3n P\u00fablica (MAP), tambi\u00e9n expuso sobre la importancia de que en ese evento participe una representaci\u00f3n de la CORAASAN.<\/p>\n<h6> 2018-01-31 11:20:26 <\/h6>\n<p><!--\n<link rel=\"stylesheet\" href=\"css\/bootstrap.min.css\">\n\n\n<ul class=\"pagination\">\n\t    \n\t\n\n<li >\n\t<a href='?page_no=6695'>Previous<\/a>\n\t<\/li>\n\n\n       \n    \n\n<li><a href='?page_no=1'>1<\/a><\/li>\n\n\n\n<li><a href='?page_no=2'>2<\/a><\/li>\n\n\n\n<li><a>...<\/a><\/li>\n\n\n\n<li><a href='?page_no=6694'>6694<\/a><\/li>\n\n\n\n<li><a href='?page_no=6695'>6695<\/a><\/li>\n\n\n\n<li class='active'><a>6696<\/a><\/li>\n\n\n\n<li><a href='?page_no=6697'>6697<\/a><\/li>\n\n\n\n<li><a href='?page_no=6698'>6698<\/a><\/li>\n\n\n\n<li><a>...<\/a><\/li>\n\n\n\n<li><a href='?page_no=36999'>36999<\/a><\/li>\n\n\n\n<li><a href='?page_no=37000'>37000<\/a><\/li>\n\n    \n\t\n\n<li >\n\t<a href='?page_no=6697'>Next<\/a>\n\t<\/li>\n\n\n    \n\n<li><a href='?page_no=37000'>Last &rsaquo;&rsaquo;<\/a><\/li>\n\n<\/ul>\n\n\n--><br \/>\n<\/body><\/p>\n","protected":false},"excerpt":{"rendered":"<p>SANTIAGO.- El ministro de Administraci\u00f3n P\u00fablica, licenciado Ram\u00f3n Ventura Camejo, sostuvo una fruct\u00edfera reuni\u00f3n con el director de la Corporaci\u00f3n de Acueducto y Alcantarillado de Santiago (CORAASAN), ingeniero Silvio Dur\u00e1n, y parte de su equipo, con los cuales analiz\u00f3 importantes temas relacionados con el mejoramiento de los servicios p\u00fablicos. El licenciado Ventura Camejo les habl\u00f3 [&hellip;]<\/p>\n","protected":false},"author":3,"featured_media":0,"comment_status":"open","ping_status":"open","sticky":false,"template":"","format":"standard","meta":{"footnotes":""},"categories":[22],"tags":[],"class_list":["post-171384","post","type-post","status-publish","format-standard","hentry","category-politica"],"_links":{"self":[{"href":"https:\/\/diariodominicano.com\/index.php?rest_route=\/wp\/v2\/posts\/171384","targetHints":{"allow":["GET"]}}],"collection":[{"href":"https:\/\/diariodominicano.com\/index.php?rest_route=\/wp\/v2\/posts"}],"about":[{"href":"https:\/\/diariodominicano.com\/index.php?rest_route=\/wp\/v2\/types\/post"}],"author":[{"embeddable":true,"href":"https:\/\/diariodominicano.com\/index.php?rest_route=\/wp\/v2\/users\/3"}],"replies":[{"embeddable":true,"href":"https:\/\/diariodominicano.com\/index.php?rest_route=%2Fwp%2Fv2%2Fcomments&post=171384"}],"version-history":[{"count":0,"href":"https:\/\/diariodominicano.com\/index.php?rest_route=\/wp\/v2\/posts\/171384\/revisions"}],"wp:attachment":[{"href":"https:\/\/diariodominicano.com\/index.php?rest_route=%2Fwp%2Fv2%2Fmedia&parent=171384"}],"wp:term":[{"taxonomy":"category","embeddable":true,"href":"https:\/\/diariodominicano.com\/index.php?rest_route=%2Fwp%2Fv2%2Fcategories&post=171384"},{"taxonomy":"post_tag","embeddable":true,"href":"https:\/\/diariodominicano.com\/index.php?rest_route=%2Fwp%2Fv2%2Ftags&post=171384"}],"curies":[{"name":"wp","href":"https:\/\/api.w.org\/{rel}","templated":true}]}}