{"id":171382,"date":"2018-01-31T12:42:44","date_gmt":"2018-01-31T12:42:44","guid":{"rendered":"http:\/\/diariodominicano.ddns.net\/?p=171382"},"modified":"2018-01-31T12:42:44","modified_gmt":"2018-01-31T12:42:44","slug":"melanio-paredes-considera-que-el-pld-como-organizacion-politica-tiene-que-reencontrarse","status":"publish","type":"post","link":"https:\/\/diariodominicano.com\/?p=171382","title":{"rendered":"Melanio Paredes considera que el PLD como organizaci\u00f3n pol\u00edtica tiene que reencontrarse"},"content":{"rendered":"<p><body><\/p>\n<p><img decoding=\"async\" src=\"img3\/melani1.jpg\" \/>  <\/p>\n<p>Melanio Paredes, miembro del Comit\u00e9 Central del Partido de la Liberaci\u00f3n Dominicana, afirma  que esa organizaci\u00f3n pol\u00edtica debe reencontrarse con los principios que le dieron origen, el servicio como vocaci\u00f3n y apostar por los sectores m\u00e1s vulnerables del pa\u00eds.<\/p>\n<\/p>\n<p>A criterios de Paredes, el PLD que super\u00f3 la ausencia de su fundador el profesor Juan Bosch, no puede ser el partido de cuadros porque el tiempo y las condiciones no son los mismos.<\/p>\n<\/p>\n<p>\u00abAs\u00ed como el Partido despunt\u00f3 con la ausencia de  Bosch tendr\u00e1 que superar al presidente del PLD Leonel Fern\u00e1ndez y al presidente de la Rep\u00fablica Danilo Medina, y darle las gracias por lo que han hecho\u00bb, declar\u00f3 Paredes, entrevistado en el programa Hoy Mismo, rese\u00f1ado por la Secretar\u00eda de Comunicaciones pelede\u00edsta.<\/p>\n<\/p>\n<p>El educador y dirigente pelede\u00edsta agreg\u00f3 que lo importante es que la organizaci\u00f3n pol\u00edtica prevalezca y que pueda seguir cumpliendo su misi\u00f3n,  cumpliendo  con sus estatutos y con reglas claras acorde a los nuevos tiempos.<\/p>\n<\/p>\n<p>\u00abSi tiene que volver uno o el otro las circunstancias lo dir\u00e1n pero no hay que poner la carreta delante de los bueyes. Primero vamos a retomar la legalidad del propio PLD, que se re\u00fanan los organismos, que discutan los temas pendientes\u00bb, expres\u00f3.<\/p>\n<\/p>\n<p>Manifest\u00f3 que ya no es posible un Partido de la Liberaci\u00f3n Dominicana vertical y que el centralismo democr\u00e1tico est\u00e1 en veremos.<\/p>\n<\/p>\n<p>Apunt\u00f3 que el verticalismo no es posible porque ya las informaciones est\u00e1n por todas partes, en Internet, las redes sociales, la radio, televisi\u00f3n y muchas de ellas en tiempo real.<\/p>\n<\/p>\n<p>\u00abHay que emigrar hacia una nueva forma de comunicaci\u00f3n horizontal y la toma de decisiones por consenso no por imposici\u00f3n\u00bb.<\/p>\n<\/p>\n<p>Apuesta porque los dirigentes ayuden al presidente Danilo Medina a gobernar e intuye que el primer mandatario de la Naci\u00f3n quiere terminar bien su gobierno.<\/p>\n<h6> 2018-01-31 12:42:44 <\/h6>\n<p><!--\n<link rel=\"stylesheet\" href=\"css\/bootstrap.min.css\">\n\n\n<ul class=\"pagination\">\n\t    \n\t\n\n<li >\n\t<a href='?page_no=6693'>Previous<\/a>\n\t<\/li>\n\n\n       \n    \n\n<li><a href='?page_no=1'>1<\/a><\/li>\n\n\n\n<li><a href='?page_no=2'>2<\/a><\/li>\n\n\n\n<li><a>...<\/a><\/li>\n\n\n\n<li><a href='?page_no=6692'>6692<\/a><\/li>\n\n\n\n<li><a href='?page_no=6693'>6693<\/a><\/li>\n\n\n\n<li class='active'><a>6694<\/a><\/li>\n\n\n\n<li><a href='?page_no=6695'>6695<\/a><\/li>\n\n\n\n<li><a href='?page_no=6696'>6696<\/a><\/li>\n\n\n\n<li><a>...<\/a><\/li>\n\n\n\n<li><a href='?page_no=36999'>36999<\/a><\/li>\n\n\n\n<li><a href='?page_no=37000'>37000<\/a><\/li>\n\n    \n\t\n\n<li >\n\t<a href='?page_no=6695'>Next<\/a>\n\t<\/li>\n\n\n    \n\n<li><a href='?page_no=37000'>Last &rsaquo;&rsaquo;<\/a><\/li>\n\n<\/ul>\n\n\n--><br \/>\n<\/body><\/p>\n","protected":false},"excerpt":{"rendered":"<p>Melanio Paredes, miembro del Comit\u00e9 Central del Partido de la Liberaci\u00f3n Dominicana, afirma que esa organizaci\u00f3n pol\u00edtica debe reencontrarse con los principios que le dieron origen, el servicio como vocaci\u00f3n y apostar por los sectores m\u00e1s vulnerables del pa\u00eds. A criterios de Paredes, el PLD que super\u00f3 la ausencia de su fundador el profesor Juan [&hellip;]<\/p>\n","protected":false},"author":3,"featured_media":0,"comment_status":"open","ping_status":"open","sticky":false,"template":"","format":"standard","meta":{"footnotes":""},"categories":[22],"tags":[],"class_list":["post-171382","post","type-post","status-publish","format-standard","hentry","category-politica"],"_links":{"self":[{"href":"https:\/\/diariodominicano.com\/index.php?rest_route=\/wp\/v2\/posts\/171382","targetHints":{"allow":["GET"]}}],"collection":[{"href":"https:\/\/diariodominicano.com\/index.php?rest_route=\/wp\/v2\/posts"}],"about":[{"href":"https:\/\/diariodominicano.com\/index.php?rest_route=\/wp\/v2\/types\/post"}],"author":[{"embeddable":true,"href":"https:\/\/diariodominicano.com\/index.php?rest_route=\/wp\/v2\/users\/3"}],"replies":[{"embeddable":true,"href":"https:\/\/diariodominicano.com\/index.php?rest_route=%2Fwp%2Fv2%2Fcomments&post=171382"}],"version-history":[{"count":0,"href":"https:\/\/diariodominicano.com\/index.php?rest_route=\/wp\/v2\/posts\/171382\/revisions"}],"wp:attachment":[{"href":"https:\/\/diariodominicano.com\/index.php?rest_route=%2Fwp%2Fv2%2Fmedia&parent=171382"}],"wp:term":[{"taxonomy":"category","embeddable":true,"href":"https:\/\/diariodominicano.com\/index.php?rest_route=%2Fwp%2Fv2%2Fcategories&post=171382"},{"taxonomy":"post_tag","embeddable":true,"href":"https:\/\/diariodominicano.com\/index.php?rest_route=%2Fwp%2Fv2%2Ftags&post=171382"}],"curies":[{"name":"wp","href":"https:\/\/api.w.org\/{rel}","templated":true}]}}