{"id":171380,"date":"2018-01-31T13:10:52","date_gmt":"2018-01-31T13:10:52","guid":{"rendered":"http:\/\/diariodominicano.ddns.net\/?p=171380"},"modified":"2018-01-31T13:10:52","modified_gmt":"2018-01-31T13:10:52","slug":"alcaldia-de-santo-domingo-este-reconoce-a-jovenes-destacados","status":"publish","type":"post","link":"https:\/\/diariodominicano.com\/?p=171380","title":{"rendered":"Alcald\u00eda de Santo Domingo Este reconoce a j\u00f3venes destacados &#13;"},"content":{"rendered":"<p><body><\/p>\n<p><img decoding=\"async\" src=\"img3\/asdes.jpg\" \/>  <\/p>\n<p><strong>SANTO DOMINGO ESTE.<\/strong> Con motivo de celebrarse este mi\u00e9rcoles el D\u00eda Nacional  de la Juventud, la alcald\u00eda de Santo Domingo Este reconoci\u00f3 a valiosos j\u00f3venes de ese municipio que se han desarrollado en diferentes ramas.<\/p>\n<\/p>\n<p>El reconocimiento se desarrollo en el Palacio Municipal, en un acto encabezado por el alcalde de esa demarcaci\u00f3n, Alfredo Mart\u00ednez.<\/p>\n<\/p>\n<p>El funcionario municipal valor\u00f3 la labor que realiza ese segmento poblacional  y dijo que desde la alcald\u00eda Santo Domingo Este continuaran respald\u00e1ndolo  con proyectos e iniciativas orientadas a su desarrollo y crecimiento.<\/p>\n<\/p>\n<p>Mart\u00ednez sostuvo que con la intenci\u00f3n de la alcald\u00eda que dirige es  estimular, apoyar  y destacar los  trabajos  durante todo un a\u00f1o realizan los j\u00f3venes  tanto  a nivel social como profesional.<\/p>\n<\/p>\n<p>\u00bb Desde la alcald\u00eda Santo Domingo Este continuaremos  creando  espacios de participaci\u00f3n y empoderamiento para todos nuestros j\u00f3venes\u00bb afirm\u00f3 Alfredo Mart\u00ednez.<\/p>\n<\/p>\n<p>El gobernante local resalto que desde el inicio de su gesti\u00f3n se han empe\u00f1ado en brindar la participaci\u00f3n que requieren los j\u00f3venes y que muestra de ello es la creaci\u00f3n del Consejo Municipal de la Juventud, firma de convenio con el ITLA,  por medio del cual actualmente se imparten cursos t\u00e9cnicos  en Invivienda y trabajamos para expandirlo a las tres circunscripciones. <\/p>\n<\/p>\n<p>Resalt\u00f3 adem\u00e1s la creaci\u00f3n de la Escuela de Bellas Artes de Santo Domingo Este, del Premio al Merito Estudiantil donde se reconoce los estudiantes meritorios de Santo Domingo Este y el distrito municipal San Luis, los talleres y charlas sobre emprendurismo, gesti\u00f3n financiera y prevenci\u00f3n de la violencia. <\/p>\n<\/p>\n<p>El alcalde de Santo Domingo Este manifest\u00f3 el apoyo a las actividades deportivas y culturales dirigidas a la juventud, entre otras acciones encaminadas a apoyar ese segmento poblacional.<\/p>\n<\/p>\n<p>Entre los j\u00f3venes reconocidos por la Alcald\u00eda de Santo Domingo Este  son Valentina Yoselin F\u00e9liz Guzm\u00e1n, Candido Bierd Burgos, Eddy Frnak V\u00e1squez S\u00e1nchez, Indira Ram\u00edrez, Wendy Yonilza Leonardo F\u00e9liz y Franlis Arismendy V\u00e1squez Burgos, Sheila Marina Brinlo Padilla y  Alexis Jos\u00e9 rodr\u00edguez.<\/p>\n<\/p>\n<p>Nueve de los galardonados en la actividad de la Alcald\u00eda de Santo Domingo Este, est\u00e1n nominados el Premio Nacional de la Juventud.<\/p>\n<p>Los galardonados recibieron certificados para la entrega de computadoras portatiles.<\/p>\n<\/p>\n<p>En la actividad participaron la senadora Cristina Lizardo, la vicealcaldesa Jacinta Est\u00e8vez, regidores y funcionarios municipales.<\/p>\n<\/p>\n<p>La senadora Lizardo, inst\u00f2 a los j\u00f2venes a sumarse a todo lo que contribuya al desarrollo del pa\u00ecs.<\/p>\n<\/p>\n<p>El 31 de enero de cada a\u00f1o se celebra el D\u00eda Nacional de la Juventud, en honor a San Juan Bosco. <\/p>\n<h6> 2018-01-31 13:10:52 <\/h6>\n<p><!--\n<link rel=\"stylesheet\" href=\"css\/bootstrap.min.css\">\n\n\n<ul class=\"pagination\">\n\t    \n\t\n\n<li >\n\t<a href='?page_no=6691'>Previous<\/a>\n\t<\/li>\n\n\n       \n    \n\n<li><a href='?page_no=1'>1<\/a><\/li>\n\n\n\n<li><a href='?page_no=2'>2<\/a><\/li>\n\n\n\n<li><a>...<\/a><\/li>\n\n\n\n<li><a href='?page_no=6690'>6690<\/a><\/li>\n\n\n\n<li><a href='?page_no=6691'>6691<\/a><\/li>\n\n\n\n<li class='active'><a>6692<\/a><\/li>\n\n\n\n<li><a href='?page_no=6693'>6693<\/a><\/li>\n\n\n\n<li><a href='?page_no=6694'>6694<\/a><\/li>\n\n\n\n<li><a>...<\/a><\/li>\n\n\n\n<li><a href='?page_no=36999'>36999<\/a><\/li>\n\n\n\n<li><a href='?page_no=37000'>37000<\/a><\/li>\n\n    \n\t\n\n<li >\n\t<a href='?page_no=6693'>Next<\/a>\n\t<\/li>\n\n\n    \n\n<li><a href='?page_no=37000'>Last &rsaquo;&rsaquo;<\/a><\/li>\n\n<\/ul>\n\n\n--><br \/>\n<\/body><\/p>\n","protected":false},"excerpt":{"rendered":"<p>SANTO DOMINGO ESTE. Con motivo de celebrarse este mi\u00e9rcoles el D\u00eda Nacional de la Juventud, la alcald\u00eda de Santo Domingo Este reconoci\u00f3 a valiosos j\u00f3venes de ese municipio que se han desarrollado en diferentes ramas. El reconocimiento se desarrollo en el Palacio Municipal, en un acto encabezado por el alcalde de esa demarcaci\u00f3n, Alfredo Mart\u00ednez. [&hellip;]<\/p>\n","protected":false},"author":3,"featured_media":0,"comment_status":"open","ping_status":"open","sticky":false,"template":"","format":"standard","meta":{"footnotes":""},"categories":[22],"tags":[],"class_list":["post-171380","post","type-post","status-publish","format-standard","hentry","category-politica"],"_links":{"self":[{"href":"https:\/\/diariodominicano.com\/index.php?rest_route=\/wp\/v2\/posts\/171380","targetHints":{"allow":["GET"]}}],"collection":[{"href":"https:\/\/diariodominicano.com\/index.php?rest_route=\/wp\/v2\/posts"}],"about":[{"href":"https:\/\/diariodominicano.com\/index.php?rest_route=\/wp\/v2\/types\/post"}],"author":[{"embeddable":true,"href":"https:\/\/diariodominicano.com\/index.php?rest_route=\/wp\/v2\/users\/3"}],"replies":[{"embeddable":true,"href":"https:\/\/diariodominicano.com\/index.php?rest_route=%2Fwp%2Fv2%2Fcomments&post=171380"}],"version-history":[{"count":0,"href":"https:\/\/diariodominicano.com\/index.php?rest_route=\/wp\/v2\/posts\/171380\/revisions"}],"wp:attachment":[{"href":"https:\/\/diariodominicano.com\/index.php?rest_route=%2Fwp%2Fv2%2Fmedia&parent=171380"}],"wp:term":[{"taxonomy":"category","embeddable":true,"href":"https:\/\/diariodominicano.com\/index.php?rest_route=%2Fwp%2Fv2%2Fcategories&post=171380"},{"taxonomy":"post_tag","embeddable":true,"href":"https:\/\/diariodominicano.com\/index.php?rest_route=%2Fwp%2Fv2%2Ftags&post=171380"}],"curies":[{"name":"wp","href":"https:\/\/api.w.org\/{rel}","templated":true}]}}