{"id":171378,"date":"2018-01-31T17:54:36","date_gmt":"2018-01-31T17:54:36","guid":{"rendered":"http:\/\/diariodominicano.ddns.net\/?p=171378"},"modified":"2018-01-31T17:54:36","modified_gmt":"2018-01-31T17:54:36","slug":"costa-rica-contexto-pre-electoral","status":"publish","type":"post","link":"https:\/\/diariodominicano.com\/?p=171378","title":{"rendered":"Costa Rica, contexto pre-electoral"},"content":{"rendered":"<p><body><\/p>\n<p><img decoding=\"async\" src=\"img3\/elecciones_farude.jpg\" \/>  <\/p>\n<p><strong>Roc\u00edo Alfaro<\/strong><\/p>\n<p><strong>Opini\u00f3n<\/strong><\/p>\n<p><strong>ALAI 31\/01\/2018<\/strong><\/p>\n<\/p>\n<p>La coyuntura electoral costarricense parece tener proyecciones muy sorpresivas, en un pa\u00eds con tradici\u00f3n \u00abdemocr\u00e1tica\u00bb, de avanzada en temas de derechos humanos, con una amplia cobertura educativa, sin grandes eventos de violencia y sin la gran penetraci\u00f3n del narcotr\u00e1fico que se nota en otros pa\u00edses&#8230; Pero esto no es real, es parte del mito que se construye sobre Costa Rica y lo que sucede actualmente es inesperado si no se ha seguido con atenci\u00f3n las tendencias econ\u00f3micas, pol\u00edticas y culturales del pa\u00eds.<\/p>\n<\/p>\n<\/p>\n<p>\u00bfQu\u00e9 sucede al d\u00eda de hoy? Las tendencias de radicalizaci\u00f3n del discurso de la derecha, la intromisi\u00f3n de capitales narcos, la arremetida ideol\u00f3gica de los grupos neo-integristas (Opus Dei) y neo pentecostales, el ataque a la institucionalidad y al Estado Social de Derecho (desde una corrupci\u00f3n rampante hasta el discurso que desconoce la separaci\u00f3n de poderes), la violencia verbal y la tesis de la necesidad del \u00abhombre fuerte\u00bb legitimados, la parcializaci\u00f3n y\/o tibieza de un Tribunal Supremo de Elecciones (TSE) que no hace valer lo que nuestra constituci\u00f3n indica (prohibici\u00f3n de partidos confesionales y de utilizar argumentos religiosos en elecciones), una banca estatal que decide sabotear el transparente financiamiento de los partidos, terminan coronando en este proceso electoral, donde la propia oligarqu\u00eda le apuesta a una campa\u00f1a por despolitizar\/amedrentar a la poblaci\u00f3n y bajar la intensidad del proceso electoral para aumentar el abstencionismo.<\/p>\n<\/p>\n<\/p>\n<p>No debe olvidarse que hace 4 a\u00f1os por primera vez en Costa Rica -desde el fin de la guerra civil de 1948- la izquierda creci\u00f3 en su expresi\u00f3n pol\u00edtica al punto de ser un peligro real para el modelo socioecon\u00f3mico imperante, al colocarse como la tercera fuerza electoral (posterior a una lucha unificada de todos los dem\u00e1s partidos y c\u00e1maras empresariales contra el Frente Amplio al ubicarse moment\u00e1neamente en el primer lugar de intenci\u00f3n de voto), lo que favoreci\u00f3 que ganara la presidencia por primera vez un partido denominado de \u00abcentro\u00bb fuera del bipartidismo que tradicionalmente se ha alternado en el poder.<\/p>\n<\/p>\n<\/p>\n<p>Este cambio de actores en el gobierno fue menos que cosm\u00e9tico: las pol\u00edticas neoliberales se mantuvieron, as\u00ed como las anti-ambientales, represivas, etc. La corrupci\u00f3n teji\u00f3 sus hilos de forma m\u00e1s profunda burlando como nunca la institucionalidad y tocando los tres poderes de la Rep\u00fablica (el denominado caso del CEMENTAZO que es en realidad un conjunto de casos de robo y desfinanciamiento de la banca estatal). Mejoras solo se vieron en cuanto a los derechos humanos de la poblaci\u00f3n LGBTI pero serios retrocesos en otras \u00e1reas, incluidas las que afectan a las mujeres (campesinas, obreras, ind\u00edgenas, etc.).<\/p>\n<\/p>\n<\/p>\n<p>Esta situaci\u00f3n puso en evidencia que la oligarqu\u00eda pod\u00eda controlar con nuevas formas la misma pol\u00edtica, abandonando parcialmente (o mejor dicho oxigenando) la figura desgastada de los partidos tradicionales, as\u00ed como la existencia de nuevos grupos de poder econ\u00f3mico que exigen su espacio y participaci\u00f3n. Tambi\u00e9n funcion\u00f3 para crear nuevos actores para frenar ejes de articulaci\u00f3n de las izquierdas y fuerzas progresistas, como lo son la ecolog\u00eda y la diversidad sexual, que hoy son satanizados por grupos fan\u00e1ticos que se regodean del estilo Trump haciendo del discurso \u00abpol\u00edticamente incorrecto\u00bb un estilo atractivo para los sectores m\u00e1s excluidos.<\/p>\n<\/p>\n<\/p>\n<p>Por otro lado, el poder de los grupos religiosos de inspiraci\u00f3n Opus Dei o las franquicias norteamericanas de iglesias de la teolog\u00eda de la prosperidad (neo pentecostales) muestran su fuerza, plante\u00e1ndose como un nuevo actor poderoso que podr\u00edan definir la pol\u00edtica nacional, tal y como lo han hecho de forma dram\u00e1tica en pa\u00edses como Brasil, Honduras o Guatemala.<\/p>\n<\/p>\n<\/p>\n<p>A eso debe sumarse que en Costa Rica el monopolio de los medios de comunicaci\u00f3n es fort\u00edsimo, el cerco informativo es enorme y las redes, a pesar de la alt\u00edsima conectividad, no han logrado romperlo. Esta situaci\u00f3n en parte se debe a que desgraciadamente el crecimiento de ciber-activismo se ha visto aparejado con el abandono de la movilizaci\u00f3n popular y la fragmentaci\u00f3n organizativa, efecto en parte del \u00abbeneficio de la duda\u00bb que dieron los movimientos sociales al primer gobierno no bipartidista, y de las debilidades ideol\u00f3gicas y organizativas de la izquierda pol\u00edtica que se vienen arrastrando desde la divisi\u00f3n del PC hist\u00f3rico en 1983, a pesar del enorme crecimiento del Frente Amplio en donde se han sumado casi todos los movimientos herederos y nuevos de la izquierda costarricense.<\/p>\n<\/p>\n<\/p>\n<p>La situaci\u00f3n, a 5 d\u00edas del d\u00eda de las elecciones, es bastante confusa y preocupante. Encabezan un d\u00eda un pastor evang\u00e9lico que ha hecho de la homofobia su principal herramienta. Otro d\u00eda un clon de Trump que hace de la ignorancia de c\u00f3mo funciona el sistema democr\u00e1tico una bandera para acercar a quienes se han sentido excluidos del mismo. En otro momento encabeza un empresario bananero s\u00edmbolo del bipartidismo y posiblemente del partido tradicional de mayor trayectoria de corrupci\u00f3n. Muy de cerca el otro brazo del bipartidismo escindido en dos o tres pedazos que apuestan al \u00abr\u00edo revuelto&#8230;\u00bb o a simplemente acumular fuerza para tiempos mejores. El partido de gobierno llamando de forma desesperada al \u00abvoto \u00fatil\u00bb de sus decepcionadas bases por los enormes casos de corrupci\u00f3n de su gesti\u00f3n, satanizando a todos los dem\u00e1s como estrategia que le diera resultado con la campa\u00f1a anticomunista con la que llegaron al poder y que, a\u00fan hoy, golpea al Frente Amplio. Y este \u00faltimo que no logr\u00f3 levantar vuelo, tras sabotaje externo e interno y contradicciones no resueltas al momento de iniciar la campa\u00f1a.<\/p>\n<\/p>\n<\/p>\n<p>Ninguno tiene opci\u00f3n de ganar en primera vuelta. Ni la izquierda ni el mal llamado progresismo parecen tener oportunidad alguna -en caso (casi milagroso) de llegar a la segunda ronda- de sumar lo suficiente para enfrentar las fuerzas de una derecha envalentonada que parece haber apostado en este siglo a un estilo violento, corrupto, ignorante y fan\u00e1tico que ya hemos visto en pa\u00edses hermanos, para seguir imponiendo el modelo neoliberal, extractivista, racista y patriarcal.<\/p>\n<\/p>\n<\/p>\n<p>MAIZ\/ALBA Movimientos<\/p>\n<\/p>\n<p>https:\/\/www.alainet.org\/es\/articulo\/190738<\/p>\n<\/p>\n<p>Del mismo autor<\/p>\n<p>Costa Rica, contexto pre-electoral    31\/01\/2018<\/p>\n<h6> 2018-01-31 17:54:36 <\/h6>\n<p><!--\n<link rel=\"stylesheet\" href=\"css\/bootstrap.min.css\">\n\n\n<ul class=\"pagination\">\n\t    \n\t\n\n<li >\n\t<a href='?page_no=6689'>Previous<\/a>\n\t<\/li>\n\n\n       \n    \n\n<li><a href='?page_no=1'>1<\/a><\/li>\n\n\n\n<li><a href='?page_no=2'>2<\/a><\/li>\n\n\n\n<li><a>...<\/a><\/li>\n\n\n\n<li><a href='?page_no=6688'>6688<\/a><\/li>\n\n\n\n<li><a href='?page_no=6689'>6689<\/a><\/li>\n\n\n\n<li class='active'><a>6690<\/a><\/li>\n\n\n\n<li><a href='?page_no=6691'>6691<\/a><\/li>\n\n\n\n<li><a href='?page_no=6692'>6692<\/a><\/li>\n\n\n\n<li><a>...<\/a><\/li>\n\n\n\n<li><a href='?page_no=36999'>36999<\/a><\/li>\n\n\n\n<li><a href='?page_no=37000'>37000<\/a><\/li>\n\n    \n\t\n\n<li >\n\t<a href='?page_no=6691'>Next<\/a>\n\t<\/li>\n\n\n    \n\n<li><a href='?page_no=37000'>Last &rsaquo;&rsaquo;<\/a><\/li>\n\n<\/ul>\n\n\n--><br \/>\n<\/body><\/p>\n","protected":false},"excerpt":{"rendered":"<p>Roc\u00edo Alfaro Opini\u00f3n ALAI 31\/01\/2018 La coyuntura electoral costarricense parece tener proyecciones muy sorpresivas, en un pa\u00eds con tradici\u00f3n \u00abdemocr\u00e1tica\u00bb, de avanzada en temas de derechos humanos, con una amplia cobertura educativa, sin grandes eventos de violencia y sin la gran penetraci\u00f3n del narcotr\u00e1fico que se nota en otros pa\u00edses&#8230; Pero esto no es real, [&hellip;]<\/p>\n","protected":false},"author":3,"featured_media":0,"comment_status":"open","ping_status":"open","sticky":false,"template":"","format":"standard","meta":{"footnotes":""},"categories":[22],"tags":[],"class_list":["post-171378","post","type-post","status-publish","format-standard","hentry","category-politica"],"_links":{"self":[{"href":"https:\/\/diariodominicano.com\/index.php?rest_route=\/wp\/v2\/posts\/171378","targetHints":{"allow":["GET"]}}],"collection":[{"href":"https:\/\/diariodominicano.com\/index.php?rest_route=\/wp\/v2\/posts"}],"about":[{"href":"https:\/\/diariodominicano.com\/index.php?rest_route=\/wp\/v2\/types\/post"}],"author":[{"embeddable":true,"href":"https:\/\/diariodominicano.com\/index.php?rest_route=\/wp\/v2\/users\/3"}],"replies":[{"embeddable":true,"href":"https:\/\/diariodominicano.com\/index.php?rest_route=%2Fwp%2Fv2%2Fcomments&post=171378"}],"version-history":[{"count":0,"href":"https:\/\/diariodominicano.com\/index.php?rest_route=\/wp\/v2\/posts\/171378\/revisions"}],"wp:attachment":[{"href":"https:\/\/diariodominicano.com\/index.php?rest_route=%2Fwp%2Fv2%2Fmedia&parent=171378"}],"wp:term":[{"taxonomy":"category","embeddable":true,"href":"https:\/\/diariodominicano.com\/index.php?rest_route=%2Fwp%2Fv2%2Fcategories&post=171378"},{"taxonomy":"post_tag","embeddable":true,"href":"https:\/\/diariodominicano.com\/index.php?rest_route=%2Fwp%2Fv2%2Ftags&post=171378"}],"curies":[{"name":"wp","href":"https:\/\/api.w.org\/{rel}","templated":true}]}}