{"id":171376,"date":"2018-01-31T19:32:57","date_gmt":"2018-01-31T19:32:57","guid":{"rendered":"http:\/\/diariodominicano.ddns.net\/?p=171376"},"modified":"2018-01-31T19:32:57","modified_gmt":"2018-01-31T19:32:57","slug":"gobierno-y-oposicion-de-venezuela-firman-un-preacuerdo-en-republica-dominicana","status":"publish","type":"post","link":"https:\/\/diariodominicano.com\/?p=171376","title":{"rendered":"Gobierno y oposici\u00f3n de Venezuela firman un \u00abpreacuerdo\u00bb en Rep\u00fablica Dominicana"},"content":{"rendered":"<p><body><\/p>\n<p><img decoding=\"async\" src=\"img3\/5a720636e9180f2f188b4567.jpg\" \/>  <\/p>\n<\/p>\n<p><strong>   CARACAS, 31 ene (Xinhua) &#8212;<\/strong> El gobierno y la oposici\u00f3n de Venezuela firmaron hoy un \u00abpreacuerdo\u00bb en Rep\u00fablica Dominicana, donde dialogan desde septiembre pasado en busca de una soluci\u00f3n a la crisis pol\u00edtica, econ\u00f3mica y social que afronta la naci\u00f3n sudamericana.<\/p>\n<\/p>\n<p>   En declaraciones desde Santo Domingo, el delegado gubernamental para esta ronda de conversaciones, Jorge Rodr\u00edguez, afirm\u00f3 que la mesa de di\u00e1logo \u00abnos ha permitido aterrizar un preacuerdo entre las partes (&#8230;), un acta donde est\u00e1n contenidos los elementos de entendimiento de ese preacuerdo\u00bb.<\/p>\n<\/p>\n<p>   \u00abHoy es un d\u00eda para la alegr\u00eda\u00bb, expres\u00f3 Rodr\u00edguez, quien consider\u00f3 que esta firma bilateral significa el \u00abderrumbamiento, el desmontaje de todas las ansias guerreristas, agresivas, contra Venezuela desde el exterior y el interior del pa\u00eds\u00bb.<\/p>\n<\/p>\n<p>   De acuerdo con el tambi\u00e9n ministro de Comunicaci\u00f3n e Informaci\u00f3n venezolano, \u00abestamos entendidos absolutamente en la inmensa mayor\u00eda de los puntos de agenda que nos hab\u00edamos dado para acordar\u00bb.<\/p>\n<\/p>\n<p>   \u00abFaltan algunos m\u00ednimos detalles que van a ser dilucidados (&#8230;) en las pr\u00f3ximas 72 horas en Caracas\u00bb, dijo Rodr\u00edguez, al excusarse por no \u00abpoder responder preguntas sobre los elementos contenidos en ese acuerdo que, sin duda alguna, tendremos aqu\u00ed el pr\u00f3ximo lunes\u00bb.<\/p>\n<\/p>\n<p>   Al referirse al tema de las garant\u00edas electorales, un elemento exigido por la oposici\u00f3n, el ministro dijo que \u00abest\u00e1n completamente terminados, faltan m\u00ednimos detalles que vamos a dilucidar en la ciudad de Caracas\u00bb.<\/p>\n<\/p>\n<p>   Por su parte, el delegado de la alianza opositora Mesa de la Unidad Democr\u00e1tica (MUD) para estas conversaciones, Julio Borges, reconoci\u00f3 que existen \u00abavances\u00bb pero, aclar\u00f3 que \u00abno hay acuerdo hasta que todo est\u00e9 acordado\u00bb.<\/p>\n<\/p>\n<p>   Borges asegur\u00f3 que \u00abno hay ning\u00fan preacuerdo\u00bb, sino un \u00abacta que recoge aquellos puntos en los cuales hay avances\u00bb.<\/p>\n<\/p>\n<p>   \u00abHay otros temas en los que no hay avances, por lo que no hay posibilidad de decir que hay un preacuerdo y mucho menos un acuerdo\u00bb, asever\u00f3 el tambi\u00e9n diputado de la oposici\u00f3n venezolana.<\/p>\n<\/p>\n<p>   El acta de entendimiento logrado hoy entre las partes venezolanas se produce luego de las conversaciones que iniciaron el pasado lunes en Santo Domingo en compa\u00f1\u00eda del dignatario dominicano, Danilo Medina, y de los dem\u00e1s acompa\u00f1antes internacionales.<\/p>\n<\/p>\n<p>   Entre las exigencias del gobierno est\u00e1 el cese del \u00abataque\u00bb financiero por parte de Estados Unidos, con el fin de celebrar unas elecciones presidenciales, antes del pr\u00f3ximo 30 de abril, con \u00abplenas garant\u00edas econ\u00f3micas\u00bb.<\/p>\n<\/p>\n<p>   En tanto, la oposici\u00f3n exige que se generen garant\u00edas electorales para los pr\u00f3ximos comicios, adem\u00e1s de la liberaci\u00f3n de los denominados \u00abpresos pol\u00edticos\u00bb y la apertura de un canal humanitario para el ingreso de alimentos y medicinas al pa\u00eds. Fin<\/p>\n<\/p>\n<h6> 2018-01-31 19:32:57 <\/h6>\n<p><!--\n<link rel=\"stylesheet\" href=\"css\/bootstrap.min.css\">\n\n\n<ul class=\"pagination\">\n\t    \n\t\n\n<li >\n\t<a href='?page_no=6688'>Previous<\/a>\n\t<\/li>\n\n\n       \n    \n\n<li><a href='?page_no=1'>1<\/a><\/li>\n\n\n\n<li><a href='?page_no=2'>2<\/a><\/li>\n\n\n\n<li><a>...<\/a><\/li>\n\n\n\n<li><a href='?page_no=6687'>6687<\/a><\/li>\n\n\n\n<li><a href='?page_no=6688'>6688<\/a><\/li>\n\n\n\n<li class='active'><a>6689<\/a><\/li>\n\n\n\n<li><a href='?page_no=6690'>6690<\/a><\/li>\n\n\n\n<li><a href='?page_no=6691'>6691<\/a><\/li>\n\n\n\n<li><a>...<\/a><\/li>\n\n\n\n<li><a href='?page_no=36999'>36999<\/a><\/li>\n\n\n\n<li><a href='?page_no=37000'>37000<\/a><\/li>\n\n    \n\t\n\n<li >\n\t<a href='?page_no=6690'>Next<\/a>\n\t<\/li>\n\n\n    \n\n<li><a href='?page_no=37000'>Last &rsaquo;&rsaquo;<\/a><\/li>\n\n<\/ul>\n\n\n--><br \/>\n<\/body><\/p>\n","protected":false},"excerpt":{"rendered":"<p>CARACAS, 31 ene (Xinhua) &#8212; El gobierno y la oposici\u00f3n de Venezuela firmaron hoy un \u00abpreacuerdo\u00bb en Rep\u00fablica Dominicana, donde dialogan desde septiembre pasado en busca de una soluci\u00f3n a la crisis pol\u00edtica, econ\u00f3mica y social que afronta la naci\u00f3n sudamericana. En declaraciones desde Santo Domingo, el delegado gubernamental para esta ronda de conversaciones, Jorge [&hellip;]<\/p>\n","protected":false},"author":3,"featured_media":0,"comment_status":"open","ping_status":"open","sticky":false,"template":"","format":"standard","meta":{"footnotes":""},"categories":[22],"tags":[],"class_list":["post-171376","post","type-post","status-publish","format-standard","hentry","category-politica"],"_links":{"self":[{"href":"https:\/\/diariodominicano.com\/index.php?rest_route=\/wp\/v2\/posts\/171376","targetHints":{"allow":["GET"]}}],"collection":[{"href":"https:\/\/diariodominicano.com\/index.php?rest_route=\/wp\/v2\/posts"}],"about":[{"href":"https:\/\/diariodominicano.com\/index.php?rest_route=\/wp\/v2\/types\/post"}],"author":[{"embeddable":true,"href":"https:\/\/diariodominicano.com\/index.php?rest_route=\/wp\/v2\/users\/3"}],"replies":[{"embeddable":true,"href":"https:\/\/diariodominicano.com\/index.php?rest_route=%2Fwp%2Fv2%2Fcomments&post=171376"}],"version-history":[{"count":0,"href":"https:\/\/diariodominicano.com\/index.php?rest_route=\/wp\/v2\/posts\/171376\/revisions"}],"wp:attachment":[{"href":"https:\/\/diariodominicano.com\/index.php?rest_route=%2Fwp%2Fv2%2Fmedia&parent=171376"}],"wp:term":[{"taxonomy":"category","embeddable":true,"href":"https:\/\/diariodominicano.com\/index.php?rest_route=%2Fwp%2Fv2%2Fcategories&post=171376"},{"taxonomy":"post_tag","embeddable":true,"href":"https:\/\/diariodominicano.com\/index.php?rest_route=%2Fwp%2Fv2%2Ftags&post=171376"}],"curies":[{"name":"wp","href":"https:\/\/api.w.org\/{rel}","templated":true}]}}