{"id":171375,"date":"2018-02-01T10:42:43","date_gmt":"2018-02-01T10:42:43","guid":{"rendered":"http:\/\/diariodominicano.ddns.net\/?p=171375"},"modified":"2018-02-01T10:42:43","modified_gmt":"2018-02-01T10:42:43","slug":"informan-renuncian-a-posiciones-nacionales-de-la-juventud-del-pld","status":"publish","type":"post","link":"https:\/\/diariodominicano.com\/?p=171375","title":{"rendered":"Informan renuncian a posiciones nacionales de la Juventud del PLD"},"content":{"rendered":"<p><body><\/p>\n<p><img decoding=\"async\" src=\"img3\/DSC_3883.JPG\" \/>  <\/p>\n<p><span class=\"text1noticias\">Cristian Beltr\u00e9 y Joselito Feliz susbsecretarios renunciantes junto a otros j\u00f3venes PLD.<\/span><\/p>\n<p><span class=\"text1noticias\"><strong> <\/strong><\/span><\/p>\n<p><span class=\"text1noticias\"><strong>SANTO DOMINGO, RD, 1 de febrero de 2018.-<\/strong>Un grupo de dirigentes nacionales, incluidos subsecretarios de la Secretar\u00eda de la Juventud del Partido de la Liberaci\u00f3n Dominicana (PLD), informaron renunciaron este jueves a sus posiciones con el prop\u00f3sito de contribuir a la apertura y oxigenaci\u00f3n de la organizaci\u00f3n y la vida pol\u00edtica dominicana.<\/span><\/p>\n<\/p>\n<p><span class=\"text1noticias\">En un comunicado de prensa indican consideran justo e imprescindible la oportunidad que se les ha brindado y la nuevas generaciones del PLD, a trav\u00e9s de la Ley General de la Juventud, que define al joven como las personas con edad comprendida entre 15 y 35 a\u00f1os, por lo que ponemos a disposici\u00f3n del partido nuestras funciones.<\/span><\/p>\n<\/p>\n<p><span class=\"text1noticias\"> <\/span><\/p>\n<\/p>\n<p><span class=\"text1noticias\">\u00abDesde hace m\u00e1s de 20 a\u00f1os nos sentimos honrados de militar en el PLD. Y desde el a\u00f1o 2005 venimos desempe\u00f1ando con orgullo, la responsabilidad de sub secretarios de la Secretar\u00eda de Asuntos Juveniles del PLD\u00bb, declararon al momento de entregar el documento  en la oficina de la Secretaria General en la sede de la Casa Nacional del PLD.<\/span><\/p>\n<\/p>\n<p><span class=\"text1noticias\"> <\/span><\/p>\n<\/p>\n<p><span class=\"text1noticias\">Los dirigentes  expresaron estar agradecidos de la confianza brindada por el Comit\u00e9 Pol\u00edtico, el Comit\u00e9 Central. Hablaron el titular Franklin Rodr\u00edguez, los subsecretarios, los dirigentes nacionales y cada uno de los militantes del PLD.<\/span><\/p>\n<\/p>\n<p><span class=\"text1noticias\"> <\/span><\/p>\n<\/p>\n<p><span class=\"text1noticias\">\u00abJuntos hemos creado un espacio plural, participativo y din\u00e1mico que ha contribuido a alcanzar grandes logros, como la movilizaci\u00f3n del voto joven a favor del PLD, el desarrollo de programas de formaci\u00f3n nacional e internacional, la inmersi\u00f3n en las redes sociales y el premio Profesor Juan Bosch. Adem\u00e1s, logramos la presidencia de la COPPPAL Juvenil, creamos el reglamento de participaci\u00f3n de la JPLD, su identidad partidaria y sus ejes program\u00e1ticos\u00bb.<\/span><\/p>\n<\/p>\n<p><span class=\"text1noticias\"> <\/span><\/p>\n<\/p>\n<p><span class=\"text1noticias\">Explicaron que la decisi\u00f3n fue impulsada por los principios fundacionales democr\u00e1ticos y de transformaci\u00f3n social, inspirado por el l\u00edder fundador, profesor Juan Bosch.<\/span><\/p>\n<\/p>\n<\/p>\n<\/p>\n<\/p>\n<\/p>\n<\/p>\n<h6> 2018-02-01 10:42:43 <\/h6>\n<p><!--\n<link rel=\"stylesheet\" href=\"css\/bootstrap.min.css\">\n\n\n<ul class=\"pagination\">\n\t    \n\t\n\n<li >\n\t<a href='?page_no=6687'>Previous<\/a>\n\t<\/li>\n\n\n       \n    \n\n<li><a href='?page_no=1'>1<\/a><\/li>\n\n\n\n<li><a href='?page_no=2'>2<\/a><\/li>\n\n\n\n<li><a>...<\/a><\/li>\n\n\n\n<li><a href='?page_no=6686'>6686<\/a><\/li>\n\n\n\n<li><a href='?page_no=6687'>6687<\/a><\/li>\n\n\n\n<li class='active'><a>6688<\/a><\/li>\n\n\n\n<li><a href='?page_no=6689'>6689<\/a><\/li>\n\n\n\n<li><a href='?page_no=6690'>6690<\/a><\/li>\n\n\n\n<li><a>...<\/a><\/li>\n\n\n\n<li><a href='?page_no=36999'>36999<\/a><\/li>\n\n\n\n<li><a href='?page_no=37000'>37000<\/a><\/li>\n\n    \n\t\n\n<li >\n\t<a href='?page_no=6689'>Next<\/a>\n\t<\/li>\n\n\n    \n\n<li><a href='?page_no=37000'>Last &rsaquo;&rsaquo;<\/a><\/li>\n\n<\/ul>\n\n\n--><br \/>\n<\/body><\/p>\n","protected":false},"excerpt":{"rendered":"<p>Cristian Beltr\u00e9 y Joselito Feliz susbsecretarios renunciantes junto a otros j\u00f3venes PLD. SANTO DOMINGO, RD, 1 de febrero de 2018.-Un grupo de dirigentes nacionales, incluidos subsecretarios de la Secretar\u00eda de la Juventud del Partido de la Liberaci\u00f3n Dominicana (PLD), informaron renunciaron este jueves a sus posiciones con el prop\u00f3sito de contribuir a la apertura y [&hellip;]<\/p>\n","protected":false},"author":3,"featured_media":0,"comment_status":"open","ping_status":"open","sticky":false,"template":"","format":"standard","meta":{"footnotes":""},"categories":[22],"tags":[],"class_list":["post-171375","post","type-post","status-publish","format-standard","hentry","category-politica"],"_links":{"self":[{"href":"https:\/\/diariodominicano.com\/index.php?rest_route=\/wp\/v2\/posts\/171375","targetHints":{"allow":["GET"]}}],"collection":[{"href":"https:\/\/diariodominicano.com\/index.php?rest_route=\/wp\/v2\/posts"}],"about":[{"href":"https:\/\/diariodominicano.com\/index.php?rest_route=\/wp\/v2\/types\/post"}],"author":[{"embeddable":true,"href":"https:\/\/diariodominicano.com\/index.php?rest_route=\/wp\/v2\/users\/3"}],"replies":[{"embeddable":true,"href":"https:\/\/diariodominicano.com\/index.php?rest_route=%2Fwp%2Fv2%2Fcomments&post=171375"}],"version-history":[{"count":0,"href":"https:\/\/diariodominicano.com\/index.php?rest_route=\/wp\/v2\/posts\/171375\/revisions"}],"wp:attachment":[{"href":"https:\/\/diariodominicano.com\/index.php?rest_route=%2Fwp%2Fv2%2Fmedia&parent=171375"}],"wp:term":[{"taxonomy":"category","embeddable":true,"href":"https:\/\/diariodominicano.com\/index.php?rest_route=%2Fwp%2Fv2%2Fcategories&post=171375"},{"taxonomy":"post_tag","embeddable":true,"href":"https:\/\/diariodominicano.com\/index.php?rest_route=%2Fwp%2Fv2%2Ftags&post=171375"}],"curies":[{"name":"wp","href":"https:\/\/api.w.org\/{rel}","templated":true}]}}