{"id":171374,"date":"2018-02-01T12:45:58","date_gmt":"2018-02-01T12:45:58","guid":{"rendered":"http:\/\/diariodominicano.ddns.net\/?p=171374"},"modified":"2018-02-01T12:45:58","modified_gmt":"2018-02-01T12:45:58","slug":"partido-farc-denuncia-asesinato-de-cuatro-de-sus-miembros","status":"publish","type":"post","link":"https:\/\/diariodominicano.com\/?p=171374","title":{"rendered":"Partido FARC denuncia asesinato de cuatro de sus miembros"},"content":{"rendered":"<p><body><\/p>\n<p><img decoding=\"async\" src=\"img3\/colombia-farc-part.jpg\" \/>  <\/p>\n<p><strong> Bogot\u00e1, 1 feb (PL)<\/strong> El Consejo Pol\u00edtico Nacional de la FARC denunci\u00f3 hoy el asesinato de cuatro de sus integrantes y pidi\u00f3 con urgencia esclarecer su autor\u00eda que apunta al Ej\u00e9rcito de Liberaci\u00f3n Nacional (ELN).<\/p>\n<\/p>\n<p>&#8216;Con profundo dolor recibimos el d\u00eda de ayer la noticia que confirma la desaparici\u00f3n, tortura y posterior asesinato de nuestros camaradas William Rivera, Jhojan Silva y Luis Cortes Cabezas y el joven menor de edad David Rivera&#8217;, se\u00f1ala un comunicado de la FARC.<\/p>\n<\/p>\n<p>A\u00f1ade la nota que el crimen ocurri\u00f3 en el municipio de Santa Cruz verde la Florida, en el departamento de Nari\u00f1o, extremo suroccidental de Colombia fronterizo con Ecuador.<\/p>\n<\/p>\n<p>Sobre la presunta responsabilidad en el m\u00faltiple homicidio, sostiene la FARC que, &#8216;de acuerdo con la informaci\u00f3n suministrada, todo indicar\u00eda que los responsables del crimen son integrantes activos del ELN que operan en dicha regi\u00f3n del pa\u00eds&#8217;.<\/p>\n<\/p>\n<p>Al respecto, la direcci\u00f3n del partido Fuerza Alternativa Revolucionaria del Com\u00fan (FARC) solicit\u00f3 que el ELN de manera urgente aclare sobre los hechos.<\/p>\n<\/p>\n<p>&#8216;Nos resistimos a pensar que miembros de una organizaci\u00f3n basada en los principios del humanismo est\u00e9n comprometidos con la comisi\u00f3n de este reprochable acto, raz\u00f3n por la cual solicitamos de manera urgente que el ELN aclare p\u00fablicamente dicha informaci\u00f3n&#8217;, expresa la declaraci\u00f3n.<\/p>\n<h6> 2018-02-01 12:45:58 <\/h6>\n<p><!--\n<link rel=\"stylesheet\" href=\"css\/bootstrap.min.css\">\n\n\n<ul class=\"pagination\">\n\t    \n\t\n\n<li >\n\t<a href='?page_no=6686'>Previous<\/a>\n\t<\/li>\n\n\n       \n    \n\n<li><a href='?page_no=1'>1<\/a><\/li>\n\n\n\n<li><a href='?page_no=2'>2<\/a><\/li>\n\n\n\n<li><a>...<\/a><\/li>\n\n\n\n<li><a href='?page_no=6685'>6685<\/a><\/li>\n\n\n\n<li><a href='?page_no=6686'>6686<\/a><\/li>\n\n\n\n<li class='active'><a>6687<\/a><\/li>\n\n\n\n<li><a href='?page_no=6688'>6688<\/a><\/li>\n\n\n\n<li><a href='?page_no=6689'>6689<\/a><\/li>\n\n\n\n<li><a>...<\/a><\/li>\n\n\n\n<li><a href='?page_no=36999'>36999<\/a><\/li>\n\n\n\n<li><a href='?page_no=37000'>37000<\/a><\/li>\n\n    \n\t\n\n<li >\n\t<a href='?page_no=6688'>Next<\/a>\n\t<\/li>\n\n\n    \n\n<li><a href='?page_no=37000'>Last &rsaquo;&rsaquo;<\/a><\/li>\n\n<\/ul>\n\n\n--><br \/>\n<\/body><\/p>\n","protected":false},"excerpt":{"rendered":"<p>Bogot\u00e1, 1 feb (PL) El Consejo Pol\u00edtico Nacional de la FARC denunci\u00f3 hoy el asesinato de cuatro de sus integrantes y pidi\u00f3 con urgencia esclarecer su autor\u00eda que apunta al Ej\u00e9rcito de Liberaci\u00f3n Nacional (ELN). &#8216;Con profundo dolor recibimos el d\u00eda de ayer la noticia que confirma la desaparici\u00f3n, tortura y posterior asesinato de nuestros [&hellip;]<\/p>\n","protected":false},"author":3,"featured_media":0,"comment_status":"open","ping_status":"open","sticky":false,"template":"","format":"standard","meta":{"footnotes":""},"categories":[22],"tags":[],"class_list":["post-171374","post","type-post","status-publish","format-standard","hentry","category-politica"],"_links":{"self":[{"href":"https:\/\/diariodominicano.com\/index.php?rest_route=\/wp\/v2\/posts\/171374","targetHints":{"allow":["GET"]}}],"collection":[{"href":"https:\/\/diariodominicano.com\/index.php?rest_route=\/wp\/v2\/posts"}],"about":[{"href":"https:\/\/diariodominicano.com\/index.php?rest_route=\/wp\/v2\/types\/post"}],"author":[{"embeddable":true,"href":"https:\/\/diariodominicano.com\/index.php?rest_route=\/wp\/v2\/users\/3"}],"replies":[{"embeddable":true,"href":"https:\/\/diariodominicano.com\/index.php?rest_route=%2Fwp%2Fv2%2Fcomments&post=171374"}],"version-history":[{"count":0,"href":"https:\/\/diariodominicano.com\/index.php?rest_route=\/wp\/v2\/posts\/171374\/revisions"}],"wp:attachment":[{"href":"https:\/\/diariodominicano.com\/index.php?rest_route=%2Fwp%2Fv2%2Fmedia&parent=171374"}],"wp:term":[{"taxonomy":"category","embeddable":true,"href":"https:\/\/diariodominicano.com\/index.php?rest_route=%2Fwp%2Fv2%2Fcategories&post=171374"},{"taxonomy":"post_tag","embeddable":true,"href":"https:\/\/diariodominicano.com\/index.php?rest_route=%2Fwp%2Fv2%2Ftags&post=171374"}],"curies":[{"name":"wp","href":"https:\/\/api.w.org\/{rel}","templated":true}]}}