{"id":171372,"date":"2018-02-01T22:19:37","date_gmt":"2018-02-01T22:19:37","guid":{"rendered":"http:\/\/diariodominicano.ddns.net\/?p=171372"},"modified":"2018-02-01T22:19:37","modified_gmt":"2018-02-01T22:19:37","slug":"que-pasa-con-el-prm","status":"publish","type":"post","link":"https:\/\/diariodominicano.com\/?p=171372","title":{"rendered":"\u00bfQu\u00e9 pasa con el PRM?&#13;"},"content":{"rendered":"<p><body><\/p>\n<p><img decoding=\"async\" src=\"img3\/gomez00.jpg\" \/>  <\/p>\n<p><strong>Por V\u00edctor G\u00f3mez<\/strong><\/p>\n<\/p>\n<p>Acerc\u00e1ndose la fecha para la convenci\u00f3n interna del Partido Revolucionario Moderno, salen a flote muchas interrogantes y dudas sobre la diafanidad de la misma a ra\u00edz de las diferentes intervenciones de los protagonistas que participar\u00e1n en dicha convenci\u00f3n, muchas de ellas llenas de intrigas y contradicciones sin respetar la \u00abinstitucionalidad \u00bb del partido, de la cual muchos quieren ufanarse en pregonar a los cuatro vientos pero que en el fondo se vislumbra como que no existe.<\/p>\n<\/p>\n<p>Una de esas interrogantes que nos atrevemos a  mencionar es la de si a\u00fan persiste el fantasma del PRD en los dirigentes perremeistas ya que las zancadillas y pu\u00f1aladas traperas que se est\u00e1n dando por ser tomados en cuenta por las dos indiscutibles figuras de alto nivel y con poder de arrastre, como Hip\u00f3lito Mej\u00eda y  Lu\u00eds Abinader de quienes se dice se han reunido con personeros de Palacio, no se sabe porqu\u00e9 ni  para qu\u00e9.<\/p>\n<\/p>\n<p>Esta convenci\u00f3n que sin lugar a duda est\u00e1 acaparando la atenci\u00f3n p\u00fablica en especial la de los pol\u00edticos del patio, puede traer una posible divisi\u00f3n de cara a las elecciones de 2020 cosa que ya lo es internamente y  lo demuestra la poca solidaridad que ha experimentado la f\u00e9rrea oposici\u00f3n que desde hace tiempo viene llevando Leonardo Fa\u00f1a uno de los aspirante a ocupar la secretar\u00eda general y que ha sido \u00abfogoneado\u00bb por otros  compa\u00f1eros de su partido.<\/p>\n<\/p>\n<p>Qu\u00e9 pasa con el PRM? cuando uno de sus dirigentes dice p\u00fablicamente que no hay que estar en contra de Danilo ni de Leonel, cuando ellos son los art\u00edfices del deterioro del pa\u00eds. Qu\u00e9  pasa con el PRM? cuando  altos dirigentes se re\u00fanen a escondidas con funcionarios del gobierno. Qu\u00e9 pasa con el PRM? cuando un  l\u00edder coquetea con el gobierno y permite que le bajen l\u00ednea. No lo entiendo y muchos tampoco.<\/p>\n<\/p>\n<p>La leg\u00edtima aspiraci\u00f3n a la que todos tienen derecho no ha sido tomada en serio por algunos como  una \u00abDial\u00e9ctica\u00bb de cambio, donde este proceso no se puede evitar, donde el cambio de j\u00f3venes por viejos robles (Ya no quieren que se diga as\u00ed sino experimentados), tiene que llegar  y as\u00ed lo han dejado ver algunos en apariciones en la prensa.<\/p>\n<\/p>\n<p>La nueva camada de dirigentes y aspirantes que tiene el PRM, sin lugar a dudas a creado tensi\u00f3n en su convenci\u00f3n interna donde un supuesto acuerdo entre Hip\u00f3lito y Abinader, puso a muchos de los que aspiran a ocupar una de las mil cuatrocientas posiciones que se elegir\u00e1n en la referida convenci\u00f3n, Y ni hablar de los candidatos de la seccional de Nueva York, donde algunos no tienen condiciones para dirigir la maltrecha seccional donde lo que se le oferta a sus militantes y simpatizantes es muy pobre.<\/p>\n<\/p>\n<p>En la seccional de Nueva York que es la m\u00e1s importante de todas, no solo del PRM, sino de todos los partidos,  los aspirantes  no entienden que lo importante en este proceso, no puede ser un ejercicio de sue\u00f1o ni vanidad, ni de tratar de desplazar a uno para ponerse otro, es m\u00e1s que eso y en esta urbe es donde m\u00e1s la gente que quiere un cambio se pregunta, Qu\u00e9 pasa con el PRM? <\/p>\n<\/p>\n<p>El autor es periodista y locutor reside en Nueva York<\/p>\n<p>Email: gomper55@hotmail .com<\/p>\n<h6> 2018-02-01 22:19:37 <\/h6>\n<p><!--\n<link rel=\"stylesheet\" href=\"css\/bootstrap.min.css\">\n\n\n<ul class=\"pagination\">\n\t    \n\t\n\n<li >\n\t<a href='?page_no=6684'>Previous<\/a>\n\t<\/li>\n\n\n       \n    \n\n<li><a href='?page_no=1'>1<\/a><\/li>\n\n\n\n<li><a href='?page_no=2'>2<\/a><\/li>\n\n\n\n<li><a>...<\/a><\/li>\n\n\n\n<li><a href='?page_no=6683'>6683<\/a><\/li>\n\n\n\n<li><a href='?page_no=6684'>6684<\/a><\/li>\n\n\n\n<li class='active'><a>6685<\/a><\/li>\n\n\n\n<li><a href='?page_no=6686'>6686<\/a><\/li>\n\n\n\n<li><a href='?page_no=6687'>6687<\/a><\/li>\n\n\n\n<li><a>...<\/a><\/li>\n\n\n\n<li><a href='?page_no=36999'>36999<\/a><\/li>\n\n\n\n<li><a href='?page_no=37000'>37000<\/a><\/li>\n\n    \n\t\n\n<li >\n\t<a href='?page_no=6686'>Next<\/a>\n\t<\/li>\n\n\n    \n\n<li><a href='?page_no=37000'>Last &rsaquo;&rsaquo;<\/a><\/li>\n\n<\/ul>\n\n\n--><br \/>\n<\/body><\/p>\n","protected":false},"excerpt":{"rendered":"<p>Por V\u00edctor G\u00f3mez Acerc\u00e1ndose la fecha para la convenci\u00f3n interna del Partido Revolucionario Moderno, salen a flote muchas interrogantes y dudas sobre la diafanidad de la misma a ra\u00edz de las diferentes intervenciones de los protagonistas que participar\u00e1n en dicha convenci\u00f3n, muchas de ellas llenas de intrigas y contradicciones sin respetar la \u00abinstitucionalidad \u00bb del [&hellip;]<\/p>\n","protected":false},"author":3,"featured_media":0,"comment_status":"open","ping_status":"open","sticky":false,"template":"","format":"standard","meta":{"footnotes":""},"categories":[22],"tags":[],"class_list":["post-171372","post","type-post","status-publish","format-standard","hentry","category-politica"],"_links":{"self":[{"href":"https:\/\/diariodominicano.com\/index.php?rest_route=\/wp\/v2\/posts\/171372","targetHints":{"allow":["GET"]}}],"collection":[{"href":"https:\/\/diariodominicano.com\/index.php?rest_route=\/wp\/v2\/posts"}],"about":[{"href":"https:\/\/diariodominicano.com\/index.php?rest_route=\/wp\/v2\/types\/post"}],"author":[{"embeddable":true,"href":"https:\/\/diariodominicano.com\/index.php?rest_route=\/wp\/v2\/users\/3"}],"replies":[{"embeddable":true,"href":"https:\/\/diariodominicano.com\/index.php?rest_route=%2Fwp%2Fv2%2Fcomments&post=171372"}],"version-history":[{"count":0,"href":"https:\/\/diariodominicano.com\/index.php?rest_route=\/wp\/v2\/posts\/171372\/revisions"}],"wp:attachment":[{"href":"https:\/\/diariodominicano.com\/index.php?rest_route=%2Fwp%2Fv2%2Fmedia&parent=171372"}],"wp:term":[{"taxonomy":"category","embeddable":true,"href":"https:\/\/diariodominicano.com\/index.php?rest_route=%2Fwp%2Fv2%2Fcategories&post=171372"},{"taxonomy":"post_tag","embeddable":true,"href":"https:\/\/diariodominicano.com\/index.php?rest_route=%2Fwp%2Fv2%2Ftags&post=171372"}],"curies":[{"name":"wp","href":"https:\/\/api.w.org\/{rel}","templated":true}]}}