{"id":171370,"date":"2018-02-01T22:56:36","date_gmt":"2018-02-01T22:56:36","guid":{"rendered":"http:\/\/diariodominicano.ddns.net\/?p=171370"},"modified":"2018-02-01T22:56:36","modified_gmt":"2018-02-01T22:56:36","slug":"prm-en-su-tercer-aniversario-comprometido-en-celebrar-una-convencion-que-exprese-democracia-y-madurez-politica","status":"publish","type":"post","link":"https:\/\/diariodominicano.com\/?p=171370","title":{"rendered":"PRM en su tercer aniversario comprometido en celebrar una Convenci\u00f3n que exprese democracia y madurez pol\u00edtica&#13;"},"content":{"rendered":"<p><body><\/p>\n<p><img decoding=\"async\" src=\"img3\/PRM000.jpg\" \/>  <\/p>\n<p><strong><span class=\"text1noticias\">SANTO DOMINGO, RD, 1 de febrero de 2018.-<\/span><\/strong><span class=\"text1noticias\"> El Partido Revolucionario Moderno (PRM) expres\u00f3 hoy, en su tercer aniversario, que su liderazgo nacional y territorial, tienen la oportunidad, responsabilidad y obligaci\u00f3n de accionar para que el proceso convencional sea un ejemplo de democracia y madurez pol\u00edtica, al tiempo que exhort\u00f3 a todos sus dirigentes y militantes del Partido a dar lo mejor de s\u00ed para el logro de una convenci\u00f3n ejemplar. <\/span><\/p>\n<\/p>\n<p><span class=\"text1noticias\">En un comunicado de prensa, con motivo de cumplir al su tercer aniversario, la organizaci\u00f3n destaca que \u00abDe esta manera estaremos mostrando al pa\u00eds un partido fuerte, unido y preparado para obtener la victoria en las elecciones fijadas para el a\u00f1o 2020 y as\u00ed cambiar el rumbo de nuestra amada Rep\u00fablica Dominicana, haciendo un Gobierno donde se respete la ley, se castigue la violaci\u00f3n de misma y se invierta en las reales necesidades de los dominicanos\u00bb.<\/span><\/p>\n<\/p>\n<p><span class=\"text1noticias\"> Destaca el comunicado del PRM que, \u00abCon las dudas de muchos y la decisi\u00f3n firme de relativamente pocos, un d\u00eda como hoy, 1ro. de febrero del a\u00f1o 2015, nos abocamos a iniciar la dif\u00edcil tarea de construir un partido pol\u00edtico que sirviera de v\u00eda para alcanzar las metas que el Dr. Jos\u00e9 Francisco Pe\u00f1a G\u00f3mez se propuso durante sus luchas por un pa\u00eds donde lo primero fuera la gente\u00bb.<\/span><\/p>\n<\/p>\n<p><span class=\"text1noticias\">Dice que el camino transitado no ha sido f\u00e1cil, en algo m\u00e1s de un a\u00f1o, sin recursos y con unas estructuras a medio conformar, tuvimos que enfrascarnos en una convenci\u00f3n para elegir nuestro Candidato Presidencial y luego estructurar las boletas congresuales y municipales de las elecciones m\u00e1s complicadas de los \u00faltimos 20 a\u00f1os.<\/span><\/p>\n<\/p>\n<p><span class=\"text1noticias\">Manifiesta que esa haza\u00f1a fue lograda en uno de los comicios m\u00e1s inequitativos de la historia electoral de la Rep\u00fablica Dominicana, el PRM obtuvo, en su primera participaci\u00f3n, el 35% de los votos, resultados de un proceso cuyo escrutinio fue altamente cuestionado.<\/span><\/p>\n<\/p>\n<p><span class=\"text1noticias\">\u00abLos fundadores del PRM buscamos construir una instancia pol\u00edtica que fuera un \u00abreferente distinto, esperanzador, confiable, no s\u00f3lo para nuestros dirigentes, militantes y simpatizantes, sino para toda la sociedad dominicana, necesitada de paradigmas ideol\u00f3gicos, pol\u00edticos y culturales que reivindiquen valores, confrontando el individualismo feroz, el escepticismo y la venalidad que imperan actualmente en nuestro pa\u00eds\u00bb\u00bb, Expresa.<\/span><\/p>\n<\/p>\n<p><span class=\"text1noticias\">\u00abHoy 1 de febrero del 2018, a tres a\u00f1os de su fundaci\u00f3n, el PRM, que pas\u00f3 a ser la segunda fuerza pol\u00edtica del pa\u00eds, tiene el reto de poner en pr\u00e1ctica su capacidad de trabajo demostrada con los hechos recientes, al confeccionar un Padr\u00f3n Electoral y fijar una Convenci\u00f3n Ordinaria, en la cual elegir\u00e1, de manera democr\u00e1tica, sus autoridades. En este evento, el PRM podr\u00e1 exhibir su capacidad, su transparencia y el nivel de democracia interna que le da raz\u00f3n de ser\u00bb. (Comunicaciones PRM)<\/span><\/p>\n<\/p>\n<\/p>\n<h6> 2018-02-01 22:56:36 <\/h6>\n<p><!--\n<link rel=\"stylesheet\" href=\"css\/bootstrap.min.css\">\n\n\n<ul class=\"pagination\">\n\t    \n\t\n\n<li >\n\t<a href='?page_no=6682'>Previous<\/a>\n\t<\/li>\n\n\n       \n    \n\n<li><a href='?page_no=1'>1<\/a><\/li>\n\n\n\n<li><a href='?page_no=2'>2<\/a><\/li>\n\n\n\n<li><a>...<\/a><\/li>\n\n\n\n<li><a href='?page_no=6681'>6681<\/a><\/li>\n\n\n\n<li><a href='?page_no=6682'>6682<\/a><\/li>\n\n\n\n<li class='active'><a>6683<\/a><\/li>\n\n\n\n<li><a href='?page_no=6684'>6684<\/a><\/li>\n\n\n\n<li><a href='?page_no=6685'>6685<\/a><\/li>\n\n\n\n<li><a>...<\/a><\/li>\n\n\n\n<li><a href='?page_no=36999'>36999<\/a><\/li>\n\n\n\n<li><a href='?page_no=37000'>37000<\/a><\/li>\n\n    \n\t\n\n<li >\n\t<a href='?page_no=6684'>Next<\/a>\n\t<\/li>\n\n\n    \n\n<li><a href='?page_no=37000'>Last &rsaquo;&rsaquo;<\/a><\/li>\n\n<\/ul>\n\n\n--><br \/>\n<\/body><\/p>\n","protected":false},"excerpt":{"rendered":"<p>SANTO DOMINGO, RD, 1 de febrero de 2018.- El Partido Revolucionario Moderno (PRM) expres\u00f3 hoy, en su tercer aniversario, que su liderazgo nacional y territorial, tienen la oportunidad, responsabilidad y obligaci\u00f3n de accionar para que el proceso convencional sea un ejemplo de democracia y madurez pol\u00edtica, al tiempo que exhort\u00f3 a todos sus dirigentes y [&hellip;]<\/p>\n","protected":false},"author":3,"featured_media":0,"comment_status":"open","ping_status":"open","sticky":false,"template":"","format":"standard","meta":{"footnotes":""},"categories":[22],"tags":[],"class_list":["post-171370","post","type-post","status-publish","format-standard","hentry","category-politica"],"_links":{"self":[{"href":"https:\/\/diariodominicano.com\/index.php?rest_route=\/wp\/v2\/posts\/171370","targetHints":{"allow":["GET"]}}],"collection":[{"href":"https:\/\/diariodominicano.com\/index.php?rest_route=\/wp\/v2\/posts"}],"about":[{"href":"https:\/\/diariodominicano.com\/index.php?rest_route=\/wp\/v2\/types\/post"}],"author":[{"embeddable":true,"href":"https:\/\/diariodominicano.com\/index.php?rest_route=\/wp\/v2\/users\/3"}],"replies":[{"embeddable":true,"href":"https:\/\/diariodominicano.com\/index.php?rest_route=%2Fwp%2Fv2%2Fcomments&post=171370"}],"version-history":[{"count":0,"href":"https:\/\/diariodominicano.com\/index.php?rest_route=\/wp\/v2\/posts\/171370\/revisions"}],"wp:attachment":[{"href":"https:\/\/diariodominicano.com\/index.php?rest_route=%2Fwp%2Fv2%2Fmedia&parent=171370"}],"wp:term":[{"taxonomy":"category","embeddable":true,"href":"https:\/\/diariodominicano.com\/index.php?rest_route=%2Fwp%2Fv2%2Fcategories&post=171370"},{"taxonomy":"post_tag","embeddable":true,"href":"https:\/\/diariodominicano.com\/index.php?rest_route=%2Fwp%2Fv2%2Ftags&post=171370"}],"curies":[{"name":"wp","href":"https:\/\/api.w.org\/{rel}","templated":true}]}}