{"id":171369,"date":"2018-02-02T07:39:42","date_gmt":"2018-02-02T07:39:42","guid":{"rendered":"http:\/\/diariodominicano.ddns.net\/?p=171369"},"modified":"2018-02-02T07:39:42","modified_gmt":"2018-02-02T07:39:42","slug":"indecisos-definiran-comicios-generales-del-domingo-en-costa-rica","status":"publish","type":"post","link":"https:\/\/diariodominicano.com\/?p=171369","title":{"rendered":"Indecisos definir\u00e1n comicios generales del domingo en Costa Rica"},"content":{"rendered":"<p><body><\/p>\n<p><img decoding=\"async\" src=\"img3\/costaricaElecion2.jpg\" \/>  <\/p>\n<p><span class=\"text1noticias\">Por Alejandro G\u00f3mez<\/span><\/p>\n<p><span class=\"text1noticias\"> <\/span><\/p>\n<p><span class=\"text1noticias\">San Jos\u00e9, 2 feb (PL) A 48 horas para que abran las urnas, los indecisos ser\u00e1n quienes definan los comicios generales de Costa Rica el pr\u00f3ximo domingo, pues cerca de un 36 por ciento de los electores todav\u00eda no escoge por qui\u00e9n lo har\u00e1.<\/span><\/p>\n<p><span class=\"text1noticias\"> <\/span><\/p>\n<p><span class=\"text1noticias\">Tan elevada cifra de personas que a\u00fan analiza d\u00f3nde colocar\u00e1 su cruz en la papeleta electoral va a tono con una campa\u00f1a proselitista marcada por esc\u00e1ndalos y temas muy puntuales que han inclinado la balanza en las encuestas hacia unos u otros candidatos presidenciales.<\/span><\/p>\n<p><span class=\"text1noticias\"> <\/span><\/p>\n<p><span class=\"text1noticias\">Menci\u00f3n especial aqu\u00ed para el tema del matrimonio igualitario que se col\u00f3 en el proceso electoral 2018 desde que el 9 de enero anterior la Corte Interamericana de Derechos Humanos divulgara su Opini\u00f3n Consultiva en la que reconoce ampliamente los derechos a la identidad de las personas trans y a la orientaci\u00f3n sexual.<\/span><\/p>\n<p><span class=\"text1noticias\"> <\/span><\/p>\n<p><span class=\"text1noticias\">En particular, el cambio de nombre y en general la adecuaci\u00f3n de los registros p\u00fablicos y los documentos de identidad para que estos sean conformes a la identidad de g\u00e9nero auto-percibida.<\/span><\/p>\n<p><span class=\"text1noticias\"> <\/span><\/p>\n<p><span class=\"text1noticias\">Adem\u00e1s, indica que el Estado debe reconocer y garantizar todos los derechos que se deriven de un v\u00ednculo familiar entre personas del mismo sexo y garante del acceso a todas las figuras ya existentes en los ordenamientos jur\u00eddicos internos, incluido el derecho al matrimonio.<\/span><\/p>\n<p><span class=\"text1noticias\"> <\/span><\/p>\n<p><span class=\"text1noticias\">Su rechazo a ese fallo catapult\u00f3 al candidato presidencial por el Partido Restauraci\u00f3n Nacional, Fabricio Alvarado, de los \u00faltimos lugares a la cima de la intenci\u00f3n de voto de los costarricenses, y aunque los analistas consideren que es un efecto estacional, podr\u00eda dar la sorpresa al contar los sufragios el pr\u00f3ximo domingo.<\/span><\/p>\n<p><span class=\"text1noticias\"> <\/span><\/p>\n<p><span class=\"text1noticias\">Aunque se da casi por segura una segunda vuelta el 1 de abril debido a que ninguno de los aspirantes sobrepasa el 20 por ciento de favoritismo, la postura que asuma ese 36 por cierto de indecisos podr\u00eda incluso definir la carrera en primera ronda si alguno de los candidatos obtiene m\u00e1s del 40 por ciento de los votos v\u00e1lidos emitidos.<\/span><\/p>\n<p><span class=\"text1noticias\"> <\/span><\/p>\n<p><span class=\"text1noticias\">Poco m\u00e1s de tres millones 322 mil costarricenses est\u00e1n convocados a las urnas para seleccionar al presidente y dos vicepresidentes de esta naci\u00f3n centroamericana para el per\u00edodo de mayo de 2018 a mayo de 2022, as\u00ed como a los 57 diputados a la Asamblea Legislativa para el mismo lapso.<\/span><\/p>\n<p><span class=\"text1noticias\"> <\/span><\/p>\n<p><span class=\"text1noticias\">Los aspirantes con mayor respaldo en las consultas resultan, en ese orden, Fabricio Alvarado; Antonio \u00c1lvarez, del Partido Liberaci\u00f3n Nacional; Carlos Alvarado, del Partido Acci\u00f3n Ciudadana; Juan Diego Castro, del Partido Integraci\u00f3n Nacional; y Rodolfo Piza, del Partido Unidad Social Cristiana.<\/span><\/p>\n<p><span class=\"text1noticias\"> <\/span><\/p>\n<p><span class=\"text1noticias\">La consulta del Centro de Investigaciones y Estudios Pol\u00edticos (CIEP), de la Universidad de Costa Rica, divulgada por el Semanario Universidad este mi\u00e9rcoles, afirma que un clima de alt\u00edsima incertidumbre se alimenta de un incremento de la indecisi\u00f3n.<\/span><\/p>\n<p><span class=\"text1noticias\"> <\/span><\/p>\n<p><span class=\"text1noticias\">Asimismo, prosigue, por los notables cambios en intenci\u00f3n de voto y una alta probabilidad de segunda ronda electoral para el domingo 1 de abril, debido al estrecho margen en el favoritismo de los cinco candidatos presidenciales mencionados.<\/span><\/p>\n<p><span class=\"text1noticias\"> <\/span><\/p>\n<p><span class=\"text1noticias\">&#8216;Este escenario plantea una competencia muy cerrada entre los primeros cinco. Esto debido a las peque\u00f1as diferencias de intenci\u00f3n de voto que los distinguen, a la amplia indecisi\u00f3n y a la alta probabilidad de que muchos electores cambien de opini\u00f3n en solo d\u00edas&#8217;, aseveran los expert<\/span>os del CIEP.<\/p>\n<h6> 2018-02-02 07:39:42 <\/h6>\n<p><!--\n<link rel=\"stylesheet\" href=\"css\/bootstrap.min.css\">\n\n\n<ul class=\"pagination\">\n\t    \n\t\n\n<li >\n\t<a href='?page_no=6681'>Previous<\/a>\n\t<\/li>\n\n\n       \n    \n\n<li><a href='?page_no=1'>1<\/a><\/li>\n\n\n\n<li><a href='?page_no=2'>2<\/a><\/li>\n\n\n\n<li><a>...<\/a><\/li>\n\n\n\n<li><a href='?page_no=6680'>6680<\/a><\/li>\n\n\n\n<li><a href='?page_no=6681'>6681<\/a><\/li>\n\n\n\n<li class='active'><a>6682<\/a><\/li>\n\n\n\n<li><a href='?page_no=6683'>6683<\/a><\/li>\n\n\n\n<li><a href='?page_no=6684'>6684<\/a><\/li>\n\n\n\n<li><a>...<\/a><\/li>\n\n\n\n<li><a href='?page_no=36999'>36999<\/a><\/li>\n\n\n\n<li><a href='?page_no=37000'>37000<\/a><\/li>\n\n    \n\t\n\n<li >\n\t<a href='?page_no=6683'>Next<\/a>\n\t<\/li>\n\n\n    \n\n<li><a href='?page_no=37000'>Last &rsaquo;&rsaquo;<\/a><\/li>\n\n<\/ul>\n\n\n--><br \/>\n<\/body><\/p>\n","protected":false},"excerpt":{"rendered":"<p>Por Alejandro G\u00f3mez San Jos\u00e9, 2 feb (PL) A 48 horas para que abran las urnas, los indecisos ser\u00e1n quienes definan los comicios generales de Costa Rica el pr\u00f3ximo domingo, pues cerca de un 36 por ciento de los electores todav\u00eda no escoge por qui\u00e9n lo har\u00e1. Tan elevada cifra de personas que a\u00fan analiza [&hellip;]<\/p>\n","protected":false},"author":3,"featured_media":0,"comment_status":"open","ping_status":"open","sticky":false,"template":"","format":"standard","meta":{"footnotes":""},"categories":[22],"tags":[],"class_list":["post-171369","post","type-post","status-publish","format-standard","hentry","category-politica"],"_links":{"self":[{"href":"https:\/\/diariodominicano.com\/index.php?rest_route=\/wp\/v2\/posts\/171369","targetHints":{"allow":["GET"]}}],"collection":[{"href":"https:\/\/diariodominicano.com\/index.php?rest_route=\/wp\/v2\/posts"}],"about":[{"href":"https:\/\/diariodominicano.com\/index.php?rest_route=\/wp\/v2\/types\/post"}],"author":[{"embeddable":true,"href":"https:\/\/diariodominicano.com\/index.php?rest_route=\/wp\/v2\/users\/3"}],"replies":[{"embeddable":true,"href":"https:\/\/diariodominicano.com\/index.php?rest_route=%2Fwp%2Fv2%2Fcomments&post=171369"}],"version-history":[{"count":0,"href":"https:\/\/diariodominicano.com\/index.php?rest_route=\/wp\/v2\/posts\/171369\/revisions"}],"wp:attachment":[{"href":"https:\/\/diariodominicano.com\/index.php?rest_route=%2Fwp%2Fv2%2Fmedia&parent=171369"}],"wp:term":[{"taxonomy":"category","embeddable":true,"href":"https:\/\/diariodominicano.com\/index.php?rest_route=%2Fwp%2Fv2%2Fcategories&post=171369"},{"taxonomy":"post_tag","embeddable":true,"href":"https:\/\/diariodominicano.com\/index.php?rest_route=%2Fwp%2Fv2%2Ftags&post=171369"}],"curies":[{"name":"wp","href":"https:\/\/api.w.org\/{rel}","templated":true}]}}