{"id":171367,"date":"2018-02-02T11:34:10","date_gmt":"2018-02-02T11:34:10","guid":{"rendered":"http:\/\/diariodominicano.ddns.net\/?p=171367"},"modified":"2018-02-02T11:34:10","modified_gmt":"2018-02-02T11:34:10","slug":"casa-nacional-del-pld-exhibe-bandera-nacional-celebrando-el-mes-de-la-patria","status":"publish","type":"post","link":"https:\/\/diariodominicano.com\/?p=171367","title":{"rendered":"Casa Nacional del PLD exhibe bandera nacional celebrando el Mes de la Patria"},"content":{"rendered":"<p><body><\/p>\n<p><img decoding=\"async\" src=\"img3\/peled11.jpg\" \/>  <\/p>\n<p>Con motivo del Mes de la Patria,  la Casa Nacional del Partido de la Liberaci\u00f3n Dominicana en Gascue del Distrito Nacional, exhibe en su verja perimetral la bandera nacional, acorde a las orientaciones en ese sentido de la Comisi\u00f3n Permanente de Efem\u00e9rides Patrias, instancia del gobierno que se encarga de resaltar los hechos hist\u00f3ricos del pa\u00eds  y sus  efem\u00e9rides.<\/p>\n<\/p>\n<p>Con la exhibici\u00f3n durante todo el mes de febrero,  a las ocho de la ma\u00f1ana con un llamado de atenci\u00f3n,  en el PLD se iza el lienzo tricolor en presencia del personal que labora en las diferentes oficinas de los \u00f3rganos pelede\u00edstas y a las 5; 45 con igual ceremonias desciende.<\/p>\n<\/p>\n<p>Un despacho de prensa hace referencia de la presencia de sus miembros y dirigentes en las ofrendas a los Padres de la Patria, que cada d\u00eda, durante un mes, realizan diferentes instituciones del gobierno dominicano.   <\/p>\n<\/p>\n<p>El  Mes de la Patria  se celebra desde el 26 de enero al 27 de febrero con diversos actos que resaltan gestas, h\u00e9roes y m\u00e1rtires.<\/p>\n<\/p>\n<p>Con una inspiraci\u00f3n de los Trinitarios se fund\u00f3 el Partido de la Liberaci\u00f3n Dominicana  con la celebraci\u00f3n de una  asamblea, que termin\u00f3 convirti\u00e9ndose en el Congreso Constitutivo, que llev\u00f3 el nombre del patricio Juan Pablo Duarte, en la que el profesor Juan Bosch, su l\u00edder hist\u00f3rico  llam\u00f3 a completar la obra del patricio.<\/p>\n<h6> 2018-02-02 11:34:10 <\/h6>\n<p><!--\n<link rel=\"stylesheet\" href=\"css\/bootstrap.min.css\">\n\n\n<ul class=\"pagination\">\n\t    \n\t\n\n<li >\n\t<a href='?page_no=6679'>Previous<\/a>\n\t<\/li>\n\n\n       \n    \n\n<li><a href='?page_no=1'>1<\/a><\/li>\n\n\n\n<li><a href='?page_no=2'>2<\/a><\/li>\n\n\n\n<li><a>...<\/a><\/li>\n\n\n\n<li><a href='?page_no=6678'>6678<\/a><\/li>\n\n\n\n<li><a href='?page_no=6679'>6679<\/a><\/li>\n\n\n\n<li class='active'><a>6680<\/a><\/li>\n\n\n\n<li><a href='?page_no=6681'>6681<\/a><\/li>\n\n\n\n<li><a href='?page_no=6682'>6682<\/a><\/li>\n\n\n\n<li><a>...<\/a><\/li>\n\n\n\n<li><a href='?page_no=36999'>36999<\/a><\/li>\n\n\n\n<li><a href='?page_no=37000'>37000<\/a><\/li>\n\n    \n\t\n\n<li >\n\t<a href='?page_no=6681'>Next<\/a>\n\t<\/li>\n\n\n    \n\n<li><a href='?page_no=37000'>Last &rsaquo;&rsaquo;<\/a><\/li>\n\n<\/ul>\n\n\n--><br \/>\n<\/body><\/p>\n","protected":false},"excerpt":{"rendered":"<p>Con motivo del Mes de la Patria, la Casa Nacional del Partido de la Liberaci\u00f3n Dominicana en Gascue del Distrito Nacional, exhibe en su verja perimetral la bandera nacional, acorde a las orientaciones en ese sentido de la Comisi\u00f3n Permanente de Efem\u00e9rides Patrias, instancia del gobierno que se encarga de resaltar los hechos hist\u00f3ricos del [&hellip;]<\/p>\n","protected":false},"author":3,"featured_media":0,"comment_status":"open","ping_status":"open","sticky":false,"template":"","format":"standard","meta":{"footnotes":""},"categories":[22],"tags":[],"class_list":["post-171367","post","type-post","status-publish","format-standard","hentry","category-politica"],"_links":{"self":[{"href":"https:\/\/diariodominicano.com\/index.php?rest_route=\/wp\/v2\/posts\/171367","targetHints":{"allow":["GET"]}}],"collection":[{"href":"https:\/\/diariodominicano.com\/index.php?rest_route=\/wp\/v2\/posts"}],"about":[{"href":"https:\/\/diariodominicano.com\/index.php?rest_route=\/wp\/v2\/types\/post"}],"author":[{"embeddable":true,"href":"https:\/\/diariodominicano.com\/index.php?rest_route=\/wp\/v2\/users\/3"}],"replies":[{"embeddable":true,"href":"https:\/\/diariodominicano.com\/index.php?rest_route=%2Fwp%2Fv2%2Fcomments&post=171367"}],"version-history":[{"count":0,"href":"https:\/\/diariodominicano.com\/index.php?rest_route=\/wp\/v2\/posts\/171367\/revisions"}],"wp:attachment":[{"href":"https:\/\/diariodominicano.com\/index.php?rest_route=%2Fwp%2Fv2%2Fmedia&parent=171367"}],"wp:term":[{"taxonomy":"category","embeddable":true,"href":"https:\/\/diariodominicano.com\/index.php?rest_route=%2Fwp%2Fv2%2Fcategories&post=171367"},{"taxonomy":"post_tag","embeddable":true,"href":"https:\/\/diariodominicano.com\/index.php?rest_route=%2Fwp%2Fv2%2Ftags&post=171367"}],"curies":[{"name":"wp","href":"https:\/\/api.w.org\/{rel}","templated":true}]}}