{"id":171365,"date":"2018-02-02T12:59:45","date_gmt":"2018-02-02T12:59:45","guid":{"rendered":"http:\/\/diariodominicano.ddns.net\/?p=171365"},"modified":"2018-02-02T12:59:45","modified_gmt":"2018-02-02T12:59:45","slug":"luis-de-leon-llama-a-ponderar-dia-nacimiento-de-mella-para-encuentro-por-la-unidad","status":"publish","type":"post","link":"https:\/\/diariodominicano.com\/?p=171365","title":{"rendered":"Lu\u00eds de Le\u00f3n llama a ponderar d\u00eda nacimiento de Mella para encuentro por la unidad"},"content":{"rendered":"<p><body><\/p>\n<p><img decoding=\"async\" src=\"img3\/luisd.jpg\" \/>  <\/p>\n<p><strong>SANTO DOMINGO, RD,  2 de febrero de 2018.- <\/strong>La Fuerza Boschista, movimiento pol\u00edtico de respaldo al  Partido de la Liberaci\u00f3n Dominicana (PLD), llam\u00f3 este viernes a la direcci\u00f3n de esa organizaci\u00f3n partidaria  a que convoque sus miembros a un encuentro ampliado por la unidad.<\/p>\n<\/p>\n<p>Bajo la consigna, \u00abUnidos Danilo, Leonel y el Partido somos invencibles\u00bb, Lu\u00eds de Le\u00f3n, coordinador del movimiento reiter\u00f3 que el fortalecimiento de la unidad partidaria  se hace cada vez m\u00e1s necesario y el mes de la patria es per\u00edodo especial para ello.<\/p>\n<\/p>\n<p>\u00abEn el marco del Mes de la Patria, de cara al 27 de febrero, aniversario de nuestra Independencia Nacional, llamamos a la  Direcci\u00f3n del Partido a convocar a la dirigencia nacional pelede\u00edstas, a un encuentro patri\u00f3tico por la unidad del PLD en el gobierno m\u00e1s all\u00e1 del 2020, para seguir profundizando los cambios sociales, el progreso y el proyecto de naci\u00f3n Duartiano- boschista\u00bb, se deprende del documento le\u00eddo este d\u00eda por el dirigente.<\/p>\n<\/p>\n<p>Insisti\u00f3 que el fortalecimiento de la unidad partidaria debe ser el resultado de la unidad monol\u00edtica entre el presidente dela Rep\u00fablica, Danilo Medina y el presidente del Partido, ex presidente Leonel Fern\u00e1ndez, y las sacrificadas y gloriosas bases dl partido de la Liberaci\u00f3n Dominicana, junto al hist\u00f3rico y valiente pueblo dominicano.<\/p>\n<\/p>\n<p>\u00abLa actual coyuntura pol\u00edtica nacional e internacional y determinadas ambiciones y personalismos de una \u00ednfima parte del PLD, nos obligan a blindar el Partido con la unidad, y as\u00ed evita que venga a gobernar el pa\u00eds, el retroceso de la pol\u00edtica, la econom\u00eda, y la inversi\u00f3n de valores dominicanos\u00bb acot\u00f3 la Fuerza Boschista en un parte de prensa de la Secretar\u00eda de Comunicaciones del PLD<\/p>\n<\/p>\n<p>En ese orden, apunta que es necesario e imprescindible un encuentro nacional de la unidad as\u00ed como abrir los locales del PLD para activar la organizaci\u00f3n, y fortalecer la disciplina y la \u00e9tica en el partido fundado por el profesor Juan Bosch<\/p>\n<\/p>\n<p>\u00abCompa\u00f1eros del Comit\u00e9 Pol\u00edtico y Central, ha llegado la hora en este mes de febrero de fortalecer la unidad partidaria y patri\u00f3tica como condici\u00f3n fundamental de salvar la naci\u00f3n y evitar  caer en garras del retroceso y la injerencia extranjera\u00bb. Apunt\u00f3 Luis de Le\u00f3n.<\/p>\n<\/p>\n<p>Consider\u00f3 que la jornada nacional por la unidad y la gobernabilidad democr\u00e1tica m\u00e1s del 2020, una buena fecha ser\u00eda el pr\u00f3ximo 25 de febrero cuando se conmemora  el natalicio del patricio Mat\u00edas Ram\u00f3n Mella.<\/p>\n<h6> 2018-02-02 12:59:45 <\/h6>\n<p><!--\n<link rel=\"stylesheet\" href=\"css\/bootstrap.min.css\">\n\n\n<ul class=\"pagination\">\n\t    \n\t\n\n<li >\n\t<a href='?page_no=6678'>Previous<\/a>\n\t<\/li>\n\n\n       \n    \n\n<li><a href='?page_no=1'>1<\/a><\/li>\n\n\n\n<li><a href='?page_no=2'>2<\/a><\/li>\n\n\n\n<li><a>...<\/a><\/li>\n\n\n\n<li><a href='?page_no=6677'>6677<\/a><\/li>\n\n\n\n<li><a href='?page_no=6678'>6678<\/a><\/li>\n\n\n\n<li class='active'><a>6679<\/a><\/li>\n\n\n\n<li><a href='?page_no=6680'>6680<\/a><\/li>\n\n\n\n<li><a href='?page_no=6681'>6681<\/a><\/li>\n\n\n\n<li><a>...<\/a><\/li>\n\n\n\n<li><a href='?page_no=36999'>36999<\/a><\/li>\n\n\n\n<li><a href='?page_no=37000'>37000<\/a><\/li>\n\n    \n\t\n\n<li >\n\t<a href='?page_no=6680'>Next<\/a>\n\t<\/li>\n\n\n    \n\n<li><a href='?page_no=37000'>Last &rsaquo;&rsaquo;<\/a><\/li>\n\n<\/ul>\n\n\n--><br \/>\n<\/body><\/p>\n","protected":false},"excerpt":{"rendered":"<p>SANTO DOMINGO, RD, 2 de febrero de 2018.- La Fuerza Boschista, movimiento pol\u00edtico de respaldo al Partido de la Liberaci\u00f3n Dominicana (PLD), llam\u00f3 este viernes a la direcci\u00f3n de esa organizaci\u00f3n partidaria a que convoque sus miembros a un encuentro ampliado por la unidad. Bajo la consigna, \u00abUnidos Danilo, Leonel y el Partido somos invencibles\u00bb, [&hellip;]<\/p>\n","protected":false},"author":3,"featured_media":0,"comment_status":"open","ping_status":"open","sticky":false,"template":"","format":"standard","meta":{"footnotes":""},"categories":[22],"tags":[],"class_list":["post-171365","post","type-post","status-publish","format-standard","hentry","category-politica"],"_links":{"self":[{"href":"https:\/\/diariodominicano.com\/index.php?rest_route=\/wp\/v2\/posts\/171365","targetHints":{"allow":["GET"]}}],"collection":[{"href":"https:\/\/diariodominicano.com\/index.php?rest_route=\/wp\/v2\/posts"}],"about":[{"href":"https:\/\/diariodominicano.com\/index.php?rest_route=\/wp\/v2\/types\/post"}],"author":[{"embeddable":true,"href":"https:\/\/diariodominicano.com\/index.php?rest_route=\/wp\/v2\/users\/3"}],"replies":[{"embeddable":true,"href":"https:\/\/diariodominicano.com\/index.php?rest_route=%2Fwp%2Fv2%2Fcomments&post=171365"}],"version-history":[{"count":0,"href":"https:\/\/diariodominicano.com\/index.php?rest_route=\/wp\/v2\/posts\/171365\/revisions"}],"wp:attachment":[{"href":"https:\/\/diariodominicano.com\/index.php?rest_route=%2Fwp%2Fv2%2Fmedia&parent=171365"}],"wp:term":[{"taxonomy":"category","embeddable":true,"href":"https:\/\/diariodominicano.com\/index.php?rest_route=%2Fwp%2Fv2%2Fcategories&post=171365"},{"taxonomy":"post_tag","embeddable":true,"href":"https:\/\/diariodominicano.com\/index.php?rest_route=%2Fwp%2Fv2%2Ftags&post=171365"}],"curies":[{"name":"wp","href":"https:\/\/api.w.org\/{rel}","templated":true}]}}