{"id":171364,"date":"2018-02-02T20:07:55","date_gmt":"2018-02-02T20:07:55","guid":{"rendered":"http:\/\/diariodominicano.ddns.net\/?p=171364"},"modified":"2018-02-02T20:07:55","modified_gmt":"2018-02-02T20:07:55","slug":"xi-jinping-se-reune-con-delegados-al-congreso-de-pcch-de-fuerza-de-policia-armada","status":"publish","type":"post","link":"https:\/\/diariodominicano.com\/?p=171364","title":{"rendered":"Xi Jinping se re\u00fane con delegados al congreso de PCCh de fuerza de polic\u00eda armada"},"content":{"rendered":"<p><body><\/p>\n<p><img decoding=\"async\" src=\"img3\/136945378_15176164211031n.jpg\" \/>  <\/p>\n<p>(Xinhua\/Li Gang)<\/p>\n<p><strong>BEIJING, 2 feb (Xinhua) &#8212;<\/strong> El presidente de China, Xi Jinping, se reuni\u00f3 hoy en Beijing con todos los delegados al tercer congreso del Partido Comunista de China (PCCh) de la fuerza de polic\u00eda armada.<\/p>\n<\/p>\n<p>Xi, tambi\u00e9n secretario general del Comit\u00e9 Central del Partido Comunista de China (PCCh) y presidente de la Comisi\u00f3n Militar Central (CMC), expres\u00f3 sus felicitaciones por la realizaci\u00f3n del congreso y a los delegados y a todos los oficiales y soldados de la fuerza de polic\u00eda armada.<\/p>\n<\/p>\n<p>El congreso fue convocado con la aprobaci\u00f3n de la CMC despu\u00e9s de la transferencia del comando de la fuerza de polic\u00eda armada del Consejo de Estado al Comit\u00e9 Central del PCCh y a la CMC a partir del 1 de enero de 2018.<\/p>\n<\/p>\n<p>La principal tarea del congreso es implementar el pensamiento de Xi Jinping sobre el socialismo con peculiaridades chinas de la nueva \u00e9poca y el esp\u00edritu del XIX Congreso Nacional del PCCh, as\u00ed como el pensamiento de Xi sobre el fortalecimiento de las fuerzas armadas.<\/p>\n<h6> 2018-02-02 20:07:55 <\/h6>\n<p><!--\n<link rel=\"stylesheet\" href=\"css\/bootstrap.min.css\">\n\n\n<ul class=\"pagination\">\n\t    \n\t\n\n<li >\n\t<a href='?page_no=6677'>Previous<\/a>\n\t<\/li>\n\n\n       \n    \n\n<li><a href='?page_no=1'>1<\/a><\/li>\n\n\n\n<li><a href='?page_no=2'>2<\/a><\/li>\n\n\n\n<li><a>...<\/a><\/li>\n\n\n\n<li><a href='?page_no=6676'>6676<\/a><\/li>\n\n\n\n<li><a href='?page_no=6677'>6677<\/a><\/li>\n\n\n\n<li class='active'><a>6678<\/a><\/li>\n\n\n\n<li><a href='?page_no=6679'>6679<\/a><\/li>\n\n\n\n<li><a href='?page_no=6680'>6680<\/a><\/li>\n\n\n\n<li><a>...<\/a><\/li>\n\n\n\n<li><a href='?page_no=36999'>36999<\/a><\/li>\n\n\n\n<li><a href='?page_no=37000'>37000<\/a><\/li>\n\n    \n\t\n\n<li >\n\t<a href='?page_no=6679'>Next<\/a>\n\t<\/li>\n\n\n    \n\n<li><a href='?page_no=37000'>Last &rsaquo;&rsaquo;<\/a><\/li>\n\n<\/ul>\n\n\n--><br \/>\n<\/body><\/p>\n","protected":false},"excerpt":{"rendered":"<p>(Xinhua\/Li Gang) BEIJING, 2 feb (Xinhua) &#8212; El presidente de China, Xi Jinping, se reuni\u00f3 hoy en Beijing con todos los delegados al tercer congreso del Partido Comunista de China (PCCh) de la fuerza de polic\u00eda armada. Xi, tambi\u00e9n secretario general del Comit\u00e9 Central del Partido Comunista de China (PCCh) y presidente de la Comisi\u00f3n [&hellip;]<\/p>\n","protected":false},"author":3,"featured_media":0,"comment_status":"open","ping_status":"open","sticky":false,"template":"","format":"standard","meta":{"footnotes":""},"categories":[22],"tags":[],"class_list":["post-171364","post","type-post","status-publish","format-standard","hentry","category-politica"],"_links":{"self":[{"href":"https:\/\/diariodominicano.com\/index.php?rest_route=\/wp\/v2\/posts\/171364","targetHints":{"allow":["GET"]}}],"collection":[{"href":"https:\/\/diariodominicano.com\/index.php?rest_route=\/wp\/v2\/posts"}],"about":[{"href":"https:\/\/diariodominicano.com\/index.php?rest_route=\/wp\/v2\/types\/post"}],"author":[{"embeddable":true,"href":"https:\/\/diariodominicano.com\/index.php?rest_route=\/wp\/v2\/users\/3"}],"replies":[{"embeddable":true,"href":"https:\/\/diariodominicano.com\/index.php?rest_route=%2Fwp%2Fv2%2Fcomments&post=171364"}],"version-history":[{"count":0,"href":"https:\/\/diariodominicano.com\/index.php?rest_route=\/wp\/v2\/posts\/171364\/revisions"}],"wp:attachment":[{"href":"https:\/\/diariodominicano.com\/index.php?rest_route=%2Fwp%2Fv2%2Fmedia&parent=171364"}],"wp:term":[{"taxonomy":"category","embeddable":true,"href":"https:\/\/diariodominicano.com\/index.php?rest_route=%2Fwp%2Fv2%2Fcategories&post=171364"},{"taxonomy":"post_tag","embeddable":true,"href":"https:\/\/diariodominicano.com\/index.php?rest_route=%2Fwp%2Fv2%2Ftags&post=171364"}],"curies":[{"name":"wp","href":"https:\/\/api.w.org\/{rel}","templated":true}]}}