{"id":171361,"date":"2018-02-03T11:28:48","date_gmt":"2018-02-03T11:28:48","guid":{"rendered":"http:\/\/diariodominicano.ddns.net\/?p=171361"},"modified":"2018-02-03T11:28:48","modified_gmt":"2018-02-03T11:28:48","slug":"califica-reeleccion-de-danilo-medina-como-necesaria-para-que-continue-el-desarrollo-en-rd","status":"publish","type":"post","link":"https:\/\/diariodominicano.com\/?p=171361","title":{"rendered":"Califica reelecci\u00f3n de Danilo Medina como necesaria para que contin\u00fae el desarrollo en RD"},"content":{"rendered":"<p><body><\/p>\n<p><img decoding=\"async\" src=\"img3\/reele1.jpg\" \/>  <\/p>\n<p>Por V\u00edctor G\u00f3mez<\/p>\n<\/p>\n<p>NUEVA YORK.- El dirigente pol\u00edtico y comunitario, Constantino De la Rosa, asegur\u00f3 hoy que se hace necesario, para que contin\u00fae el desarrollo en la Rep\u00fablica Dominicana, apoyar la reelecci\u00f3n del presidente Danilo Medina, ya que este ha demostrado con sus obras de gobierno que es un verdadero estadista y que tiene su alma y coraz\u00f3n en el sentir del pueblo.<\/p>\n<\/p>\n<p>De la Rosa explic\u00f3 que el presidente Danilo Medina con su 68 por ciento de aceptaci\u00f3n, fruto de su monumental obra de gobierno no tiene competencia que le haga sombra para una pr\u00f3xima reelecci\u00f3n y record\u00f3 la famosa frase de que \u00abmientras el respire, que nadie aspire\u00bb<\/p>\n<\/p>\n<p>Entiende que la gran mayor\u00eda de los dominicanos que aplauden la ejecutoria gubernamental del presidente  Danilo Medina deben unir esfuerzos para propiciar la aprobaci\u00f3n de la Primaria Abierta en el Partido de la Liberaci\u00f3n Dominicana y que en ese tenor convoc\u00f3 a la mayor\u00eda que posee el mandatario a lo interno de su organizaci\u00f3n para que se avoquen a viabilizar las condiciones para que el mandatario opte por la reelecci\u00f3n.<\/p>\n<\/p>\n<p>En otro orden defendi\u00f3 al mandatario dominicano con relaci\u00f3n a la problem\u00e1tica haitiana y defini\u00f3 el problema como religioso, como lo definiera el mandatario haitiano, Jovenel Mo\u00efse, quien reafirm\u00f3 que las concepciones religiosa de su pueblo se basa en la creencia en Ala, de orientaci\u00f3n musulmana, donde fruto de eso entienden que tierra es de todos.<\/p>\n<\/p>\n<p>\u00abLos Mejicanos est\u00e1n cruzando por d\u00e9cadas para los Estados Unidos y no han podido controlar esa situaci\u00f3n, dejemos que el mandatario dominicano controle ese cruce de Haitianos por nuestra frontera que en el fondo nos ata\u00f1e a todos\u00bb, dijo Constantino<\/p>\n<\/p>\n<p>\u00abGuardando la distancia, el problema haitiano en su ra\u00edz guarda cierta similitud con lo que acontece entre los israelitas y palestinos, los nacionales haitianos tienen entre ceja y ceja que en la parte dominicana ellos tiene derechos a vivir\u00bb, afirm\u00f3 De la Rosa.<\/p>\n<\/p>\n<p>El reconocido pol\u00edtico habl\u00f3 para el noticiario \u00abEntera Ahora\u00bb que se transmite de lunes a viernes por Quisqueya FM y que produce  el locutor Dionny Nova.<\/p>\n<h6> 2018-02-03 11:28:48 <\/h6>\n<p><!--\n<link rel=\"stylesheet\" href=\"css\/bootstrap.min.css\">\n\n\n<ul class=\"pagination\">\n\t    \n\t\n\n<li >\n\t<a href='?page_no=6674'>Previous<\/a>\n\t<\/li>\n\n\n       \n    \n\n<li><a href='?page_no=1'>1<\/a><\/li>\n\n\n\n<li><a href='?page_no=2'>2<\/a><\/li>\n\n\n\n<li><a>...<\/a><\/li>\n\n\n\n<li><a href='?page_no=6673'>6673<\/a><\/li>\n\n\n\n<li><a href='?page_no=6674'>6674<\/a><\/li>\n\n\n\n<li class='active'><a>6675<\/a><\/li>\n\n\n\n<li><a href='?page_no=6676'>6676<\/a><\/li>\n\n\n\n<li><a href='?page_no=6677'>6677<\/a><\/li>\n\n\n\n<li><a>...<\/a><\/li>\n\n\n\n<li><a href='?page_no=36999'>36999<\/a><\/li>\n\n\n\n<li><a href='?page_no=37000'>37000<\/a><\/li>\n\n    \n\t\n\n<li >\n\t<a href='?page_no=6676'>Next<\/a>\n\t<\/li>\n\n\n    \n\n<li><a href='?page_no=37000'>Last &rsaquo;&rsaquo;<\/a><\/li>\n\n<\/ul>\n\n\n--><br \/>\n<\/body><\/p>\n","protected":false},"excerpt":{"rendered":"<p>Por V\u00edctor G\u00f3mez NUEVA YORK.- El dirigente pol\u00edtico y comunitario, Constantino De la Rosa, asegur\u00f3 hoy que se hace necesario, para que contin\u00fae el desarrollo en la Rep\u00fablica Dominicana, apoyar la reelecci\u00f3n del presidente Danilo Medina, ya que este ha demostrado con sus obras de gobierno que es un verdadero estadista y que tiene su [&hellip;]<\/p>\n","protected":false},"author":3,"featured_media":0,"comment_status":"open","ping_status":"open","sticky":false,"template":"","format":"standard","meta":{"footnotes":""},"categories":[22],"tags":[],"class_list":["post-171361","post","type-post","status-publish","format-standard","hentry","category-politica"],"_links":{"self":[{"href":"https:\/\/diariodominicano.com\/index.php?rest_route=\/wp\/v2\/posts\/171361","targetHints":{"allow":["GET"]}}],"collection":[{"href":"https:\/\/diariodominicano.com\/index.php?rest_route=\/wp\/v2\/posts"}],"about":[{"href":"https:\/\/diariodominicano.com\/index.php?rest_route=\/wp\/v2\/types\/post"}],"author":[{"embeddable":true,"href":"https:\/\/diariodominicano.com\/index.php?rest_route=\/wp\/v2\/users\/3"}],"replies":[{"embeddable":true,"href":"https:\/\/diariodominicano.com\/index.php?rest_route=%2Fwp%2Fv2%2Fcomments&post=171361"}],"version-history":[{"count":0,"href":"https:\/\/diariodominicano.com\/index.php?rest_route=\/wp\/v2\/posts\/171361\/revisions"}],"wp:attachment":[{"href":"https:\/\/diariodominicano.com\/index.php?rest_route=%2Fwp%2Fv2%2Fmedia&parent=171361"}],"wp:term":[{"taxonomy":"category","embeddable":true,"href":"https:\/\/diariodominicano.com\/index.php?rest_route=%2Fwp%2Fv2%2Fcategories&post=171361"},{"taxonomy":"post_tag","embeddable":true,"href":"https:\/\/diariodominicano.com\/index.php?rest_route=%2Fwp%2Fv2%2Ftags&post=171361"}],"curies":[{"name":"wp","href":"https:\/\/api.w.org\/{rel}","templated":true}]}}