{"id":171360,"date":"2018-02-03T12:11:38","date_gmt":"2018-02-03T12:11:38","guid":{"rendered":"http:\/\/diariodominicano.ddns.net\/?p=171360"},"modified":"2018-02-03T12:11:38","modified_gmt":"2018-02-03T12:11:38","slug":"la-junta-central-electoral-en-jornadas-para-dotar-de-actas-de-nacimientos-a-personas-en-villa-mella","status":"publish","type":"post","link":"https:\/\/diariodominicano.com\/?p=171360","title":{"rendered":"La Junta Central Electoral en jornadas para dotar de actas de nacimientos a personas en Villa Mella"},"content":{"rendered":"<p><body><\/p>\n<p><img decoding=\"async\" src=\"img3\/_MG_1947.jpg\" \/><br \/><img decoding=\"async\" src=\"img3\/_MG_1946.jpg\" \/><br \/><img decoding=\"async\" src=\"img3\/_MG_1953.jpg\" \/>  <\/p>\n<p><strong>SANTO DOMINGO, RD, 3 de febrero de 2018.- <\/strong>La Oficina de Declaraciones Tard\u00edas de Nacimiento de la Junta Central Electoral (JCE) inform\u00f3 que conjuntamente con 22 instituciones incluyendo la  DIGEPEP, Alcald\u00eda de Santo Domingo Norte, Seguro Nacional de Salud (SENASA), Ministerio de Deportes, de Interior y Polic\u00eda, las Escuelas Vocacionales del Ministerio de Defensa, entre otras, para registrar a residentes de la comunidad de Los Arqu\u00e9anos de Villa Mella en el municipio Santo Domingo Norte.<\/p>\n<\/p>\n<p>La JCE indic\u00f3 en un bolet\u00edn de prensa que con  la presencia de funcionarios de varias direcciones de la Junta Central Electoral (JCE), representantes de organismos oficiales y el Ayuntamiento de Santo Domingo Norte (SDN), se inici\u00f3 un amplio programa de declaraciones tard\u00edas en la comunidad de Los Arqu\u00e9anos en Villa Mella, con el prop\u00f3sito de dotar de su acta de nacimiento a cientos de personas y contribuir con la eliminaci\u00f3n del subregistro en esta zona.<\/p>\n<\/p>\n<p>La actividad, denominada Jornada de Inclusi\u00f3n Social y Restituci\u00f3n de Derechos, adem\u00e1s de la JCE y la Alcald\u00eda de SDN, es auspiciada por la Direcci\u00f3n de Programas Especiales de la Presidencia (DIGEPEP), Seguro Nacional de Salud (SENASA), Ministerio de Deportes, de Interior y Polic\u00eda, las Escuelas Vocacionales del Ministerio de Defensa, entre otras que suman 22, se\u00f1ala la informaci\u00f3n suministrada por la Direcci\u00f3n de Comunicaciones de la Junta Central Electoral. <\/p>\n<\/p>\n<p>Precis\u00f3 que \u00bb fue  en la Escuela B\u00e1sica Los Trinitarios que se dio inicio a la importante jornada que abarcar\u00e1 los d\u00edas jueves 1, viernes 2 y s\u00e1bado 3 de febrero con la participaci\u00f3n, adem\u00e1s de la JCE, del Ministerio de Interior y Polic\u00eda, operativo de salud visual, y se espera que m\u00e1s de seis mil personas puedan ser beneficiadas con las labores\u00bb.<\/p>\n<\/p>\n<p>La mesa oficial de la actividad estuvo integrada por Julio Aristy, en representaci\u00f3n de la JCE; Domingo Contreras, Director Generar de la DIGEPEP; Roberto Medina, dirigente comunitario; Ayacx Mercedes, directivo del programa Quisqueya Aprende Contigo; Eduardo Feliz, del SENASA; Blanca Rodr\u00edguez, vicealcaldesa de SDN; Cristian Silverio, Susana Mej\u00eda, profesora de Los Trinitarios; Julio C\u00e9sar Pimentel, de la Corporaci\u00f3n de Empresas El\u00e9ctricas Estatales (CDEEE) y una amplia delegaci\u00f3n de la JCE, agreg\u00f3 la Direcci\u00f3n de Comunicaciones de la Junta Central Electoral.<\/p>\n<h6> 2018-02-03 12:11:38 <\/h6>\n<p><!--\n<link rel=\"stylesheet\" href=\"css\/bootstrap.min.css\">\n\n\n<ul class=\"pagination\">\n\t    \n\t\n\n<li >\n\t<a href='?page_no=6673'>Previous<\/a>\n\t<\/li>\n\n\n       \n    \n\n<li><a href='?page_no=1'>1<\/a><\/li>\n\n\n\n<li><a href='?page_no=2'>2<\/a><\/li>\n\n\n\n<li><a>...<\/a><\/li>\n\n\n\n<li><a href='?page_no=6672'>6672<\/a><\/li>\n\n\n\n<li><a href='?page_no=6673'>6673<\/a><\/li>\n\n\n\n<li class='active'><a>6674<\/a><\/li>\n\n\n\n<li><a href='?page_no=6675'>6675<\/a><\/li>\n\n\n\n<li><a href='?page_no=6676'>6676<\/a><\/li>\n\n\n\n<li><a>...<\/a><\/li>\n\n\n\n<li><a href='?page_no=36999'>36999<\/a><\/li>\n\n\n\n<li><a href='?page_no=37000'>37000<\/a><\/li>\n\n    \n\t\n\n<li >\n\t<a href='?page_no=6675'>Next<\/a>\n\t<\/li>\n\n\n    \n\n<li><a href='?page_no=37000'>Last &rsaquo;&rsaquo;<\/a><\/li>\n\n<\/ul>\n\n\n--><br \/>\n<\/body><\/p>\n","protected":false},"excerpt":{"rendered":"<p>SANTO DOMINGO, RD, 3 de febrero de 2018.- La Oficina de Declaraciones Tard\u00edas de Nacimiento de la Junta Central Electoral (JCE) inform\u00f3 que conjuntamente con 22 instituciones incluyendo la DIGEPEP, Alcald\u00eda de Santo Domingo Norte, Seguro Nacional de Salud (SENASA), Ministerio de Deportes, de Interior y Polic\u00eda, las Escuelas Vocacionales del Ministerio de Defensa, entre [&hellip;]<\/p>\n","protected":false},"author":3,"featured_media":0,"comment_status":"open","ping_status":"open","sticky":false,"template":"","format":"standard","meta":{"footnotes":""},"categories":[22],"tags":[],"class_list":["post-171360","post","type-post","status-publish","format-standard","hentry","category-politica"],"_links":{"self":[{"href":"https:\/\/diariodominicano.com\/index.php?rest_route=\/wp\/v2\/posts\/171360","targetHints":{"allow":["GET"]}}],"collection":[{"href":"https:\/\/diariodominicano.com\/index.php?rest_route=\/wp\/v2\/posts"}],"about":[{"href":"https:\/\/diariodominicano.com\/index.php?rest_route=\/wp\/v2\/types\/post"}],"author":[{"embeddable":true,"href":"https:\/\/diariodominicano.com\/index.php?rest_route=\/wp\/v2\/users\/3"}],"replies":[{"embeddable":true,"href":"https:\/\/diariodominicano.com\/index.php?rest_route=%2Fwp%2Fv2%2Fcomments&post=171360"}],"version-history":[{"count":0,"href":"https:\/\/diariodominicano.com\/index.php?rest_route=\/wp\/v2\/posts\/171360\/revisions"}],"wp:attachment":[{"href":"https:\/\/diariodominicano.com\/index.php?rest_route=%2Fwp%2Fv2%2Fmedia&parent=171360"}],"wp:term":[{"taxonomy":"category","embeddable":true,"href":"https:\/\/diariodominicano.com\/index.php?rest_route=%2Fwp%2Fv2%2Fcategories&post=171360"},{"taxonomy":"post_tag","embeddable":true,"href":"https:\/\/diariodominicano.com\/index.php?rest_route=%2Fwp%2Fv2%2Ftags&post=171360"}],"curies":[{"name":"wp","href":"https:\/\/api.w.org\/{rel}","templated":true}]}}