{"id":171359,"date":"2018-02-03T12:57:08","date_gmt":"2018-02-03T12:57:08","guid":{"rendered":"http:\/\/diariodominicano.ddns.net\/?p=171359"},"modified":"2018-02-03T12:57:08","modified_gmt":"2018-02-03T12:57:08","slug":"cancilleria-lista-para-recibir-voto-de-ticos-en-el-exterior","status":"publish","type":"post","link":"https:\/\/diariodominicano.com\/?p=171359","title":{"rendered":"Canciller\u00eda lista para recibir voto de ticos en el exterior"},"content":{"rendered":"<p><body><\/p>\n<p><img decoding=\"async\" src=\"img3\/cancelleria-tica.jpg\" \/>  <\/p>\n<p><strong> San Jos\u00e9, 3 feb (PL)<\/strong> La canciller\u00eda de Costa Rica inform\u00f3 que sus consulados en diversos pa\u00edses est\u00e1n listos para recibir el voto de los ciudadanos residentes en el exterior para los comicios generales, cuyo sufragio comienza hoy por Australia.<\/p>\n<\/p>\n<p>Un comunicado de prensa del Ministerio de Relaciones Exteriores, divulgado en redes sociales, precisa que la recepci\u00f3n de los votos se produce gracias a un convenio marco de cooperaci\u00f3n interinstitucional, suscrito por esa cartera con el Tribunal Supremo de Elecciones (TSE), por segunda vez en la historia de este pa\u00eds.<\/p>\n<\/p>\n<p>Precisamente el TSE revel\u00f3 que 31 mil 864 costarricenses -15 mil 336 mujeres y 16 mil 528 hombres- forman el padr\u00f3n electoral para sufragar en el exterior, 22 mil 384 de ellos en Estados Unidos, y para recibirlos abrir\u00e1n 51 Juntas Receptoras de Votos, en 42 pa\u00edses.<\/p>\n<\/p>\n<p>Los que votan en el exterior solo lo pueden hacer para escoger al presidente y los dos vicepresidentes del pa\u00eds, pero no a los 57 diputados a la Asamblea Legislativa, quienes tambi\u00e9n ser\u00e1n electos en los comicios generales de ma\u00f1ana.<\/p>\n<\/p>\n<p>Por la diferencia horaria, la primera Junta Receptora de Votos que abrir\u00e1 sus puertas ser\u00e1 la de Australia a las 16:00 hora de Costa Rica, pero los resultados de cada uno de los sitios en el exterior no podr\u00e1n transmitir hasta las 18:00 hora de aqu\u00ed, de ma\u00f1ana domingo, tal y como lo establece el C\u00f3digo Electoral.<\/p>\n<\/p>\n<p>Poco m\u00e1s de tres millones 322 mil costarricenses est\u00e1n convocados ma\u00f1ana para escoger al presidente y dos vicepresidentes del pa\u00eds para el per\u00edodo de mayo de 2018 a mayo de 2022, as\u00ed como a los 57 diputados a la Asamblea Legislativa para el mismo lapso.<\/p>\n<\/p>\n<p>Un total de 13 candidatos se disputan la primera magistratura de Costa Rica, pero las encuestas solo le dan a cinco la posibilidad de que alguno de ellos gane los comicios.<\/p>\n<\/p>\n<p>Sin embargo, esas mismas consultas reflejan que ninguno de esos cinco aspirante llega a un 40 por ciento de la intenci\u00f3n de voto, por lo que se da casi por segura una segunda vuelta el 1 de abril entre los dos contendientes que obtengan ma\u00f1ana la mayor cantidad de votos v\u00e1lidos.<\/p>\n<\/p>\n<p>Los candidatos con mayor respaldo en las consultas resultan, en ese orden, Fabricio Alvarado, del Partido Restauraci\u00f3n Nacional; Antonio \u00c1lvarez, del Partido Liberaci\u00f3n Nacional; Carlos Alvarado, del Partido Acci\u00f3n Ciudadana; Juan Diego Castro, del Partido Integraci\u00f3n Nacional; y Rodolfo Piza, del Partido Unidad Social Cristiana.<\/p>\n<\/p>\n<p>El alto n\u00famero de indecisos, 36 por ciento del 61 por ciento que asegura concurrir\u00e1 a las urnas y la variaci\u00f3n del favoritismo electoral en los \u00faltimos meses mantiene abierta las posibilidades de todos los aspirantes.<\/p>\n<\/p>\n<p>oda\/ale<\/p>\n<h6> 2018-02-03 12:57:08 <\/h6>\n<p><!--\n<link rel=\"stylesheet\" href=\"css\/bootstrap.min.css\">\n\n\n<ul class=\"pagination\">\n\t    \n\t\n\n<li >\n\t<a href='?page_no=6672'>Previous<\/a>\n\t<\/li>\n\n\n       \n    \n\n<li><a href='?page_no=1'>1<\/a><\/li>\n\n\n\n<li><a href='?page_no=2'>2<\/a><\/li>\n\n\n\n<li><a>...<\/a><\/li>\n\n\n\n<li><a href='?page_no=6671'>6671<\/a><\/li>\n\n\n\n<li><a href='?page_no=6672'>6672<\/a><\/li>\n\n\n\n<li class='active'><a>6673<\/a><\/li>\n\n\n\n<li><a href='?page_no=6674'>6674<\/a><\/li>\n\n\n\n<li><a href='?page_no=6675'>6675<\/a><\/li>\n\n\n\n<li><a>...<\/a><\/li>\n\n\n\n<li><a href='?page_no=36999'>36999<\/a><\/li>\n\n\n\n<li><a href='?page_no=37000'>37000<\/a><\/li>\n\n    \n\t\n\n<li >\n\t<a href='?page_no=6674'>Next<\/a>\n\t<\/li>\n\n\n    \n\n<li><a href='?page_no=37000'>Last &rsaquo;&rsaquo;<\/a><\/li>\n\n<\/ul>\n\n\n--><br \/>\n<\/body><\/p>\n","protected":false},"excerpt":{"rendered":"<p>San Jos\u00e9, 3 feb (PL) La canciller\u00eda de Costa Rica inform\u00f3 que sus consulados en diversos pa\u00edses est\u00e1n listos para recibir el voto de los ciudadanos residentes en el exterior para los comicios generales, cuyo sufragio comienza hoy por Australia. Un comunicado de prensa del Ministerio de Relaciones Exteriores, divulgado en redes sociales, precisa que [&hellip;]<\/p>\n","protected":false},"author":3,"featured_media":0,"comment_status":"open","ping_status":"open","sticky":false,"template":"","format":"standard","meta":{"footnotes":""},"categories":[22],"tags":[],"class_list":["post-171359","post","type-post","status-publish","format-standard","hentry","category-politica"],"_links":{"self":[{"href":"https:\/\/diariodominicano.com\/index.php?rest_route=\/wp\/v2\/posts\/171359","targetHints":{"allow":["GET"]}}],"collection":[{"href":"https:\/\/diariodominicano.com\/index.php?rest_route=\/wp\/v2\/posts"}],"about":[{"href":"https:\/\/diariodominicano.com\/index.php?rest_route=\/wp\/v2\/types\/post"}],"author":[{"embeddable":true,"href":"https:\/\/diariodominicano.com\/index.php?rest_route=\/wp\/v2\/users\/3"}],"replies":[{"embeddable":true,"href":"https:\/\/diariodominicano.com\/index.php?rest_route=%2Fwp%2Fv2%2Fcomments&post=171359"}],"version-history":[{"count":0,"href":"https:\/\/diariodominicano.com\/index.php?rest_route=\/wp\/v2\/posts\/171359\/revisions"}],"wp:attachment":[{"href":"https:\/\/diariodominicano.com\/index.php?rest_route=%2Fwp%2Fv2%2Fmedia&parent=171359"}],"wp:term":[{"taxonomy":"category","embeddable":true,"href":"https:\/\/diariodominicano.com\/index.php?rest_route=%2Fwp%2Fv2%2Fcategories&post=171359"},{"taxonomy":"post_tag","embeddable":true,"href":"https:\/\/diariodominicano.com\/index.php?rest_route=%2Fwp%2Fv2%2Ftags&post=171359"}],"curies":[{"name":"wp","href":"https:\/\/api.w.org\/{rel}","templated":true}]}}