{"id":171358,"date":"2018-02-03T15:10:42","date_gmt":"2018-02-03T15:10:42","guid":{"rendered":"http:\/\/diariodominicano.ddns.net\/?p=171358"},"modified":"2018-02-03T15:10:42","modified_gmt":"2018-02-03T15:10:42","slug":"maduro-pidio-al-poder-electoral-fijar-fecha-de-elecciones-venezolanas","status":"publish","type":"post","link":"https:\/\/diariodominicano.com\/?p=171358","title":{"rendered":"Maduro pidi\u00f3 al Poder Electoral fijar fecha de elecciones venezolanas"},"content":{"rendered":"<p><body><\/p>\n<p><img decoding=\"async\" src=\"img3\/sur-vene-presidenciales.jpg\" \/>  <\/p>\n<\/p>\n<p>Caracas, 3 feb (PL) El presidente de Venezuela, Nicol\u00e1s Maduro, pidi\u00f3 hoy al Consejo Electoral fijar la fecha de las elecciones presidenciales, las cuales fueron convocadas para antes del 30 de abril por la Asamblea Nacional Constituyente.<\/p>\n<\/p>\n<p>Pido a ese \u00f3rgano fijar esta semana la fecha de los comicios presidenciales, subray\u00f3 el presidente en rueda de prensa antes del inicio de un Congreso del Movimiento Tupamaro al que asiste en esta capital.<\/p>\n<\/p>\n<p>En sus declaraciones Maduro llam\u00f3 a las fuerzas bolivarianas a construir un gran frente antiimperialista y socialista para alcanzar la victoria en ese ejercicio en las urnas para el que fue confirmado la v\u00edspera como candidato \u00fanico del Gran Polo Patri\u00f3tico.<\/p>\n<\/p>\n<p>&#8216;Estoy seguro de que lo vamos a lograr&#8217;, puntualiz\u00f3 momentos antes de hacer acto de presencia en el encuentro del Gran Polo Patri\u00f3tico con el Movimiento Tupamaro en la sala Plenaria de Parque Central, Caracas.<\/p>\n<\/p>\n<p>El mandatario insisti\u00f3 que el gran reto del chavismo es contar en el campo electoral con la mayor\u00eda del pueblo para que deposite sus votos en las urnas para la cita convocada por la ANC el 23 de enero \u00faltimo.<\/p>\n<\/p>\n<p>En otra parte de sus declaraciones, el gobernante venezolano indic\u00f3 que el tema econ\u00f3mico es la principal tarea con la que la Revoluci\u00f3n Bolivariana reforzar\u00e1 las acciones en favor del bienestar del pueblo y del desarrollo nacional.<\/p>\n<\/p>\n<p>Agreg\u00f3 que es el candidato de las grandes mayor\u00edas que quieren patria, soberan\u00eda y el legado del l\u00edder de la Revoluci\u00f3n Bolivariana, Hugo Ch\u00e1vez. &#8216;Soy el candidato del futuro&#8217;, subray\u00f3, a la vez que asegur\u00f3 que entre los precandidatos de la oposici\u00f3n le gustar\u00eda medirse ante Henry Ramos Allup, pues representa lo peor del pasado.<\/p>\n<\/p>\n<p>Al abordar el reciente dialogo con la oposici\u00f3n que transcurre en Rep\u00fablica Dominicana, dijo que si esta no firma el acuerdo es porque cedi\u00f3 a presiones imperiales y que su gobierno est\u00e1 listo para firmar este lunes 5 de febrero un acuerdo con la oposici\u00f3n fruto de la mesa de di\u00e1logo.<\/p>\n<\/p>\n<p>&#8216;Estoy listo para firmar&#8217;, afirm\u00f3, y anunci\u00f3 que este s\u00e1bado llega a Venezuela el expresidente del gobierno espa\u00f1ol Jos\u00e9 Luis Rodr\u00edguez Zapatero para participar en el encuentro del lunes.<\/p>\n<\/p>\n<p>Si la oposici\u00f3n no firma, ser\u00eda producto de sus divisiones internas, que son muchas, y de que en el Departamento de Estado -de Estados Unidos- se impuso la l\u00ednea de los halcones: cero di\u00e1logo, cero paz, cero entendimiento, subray\u00f3.<\/p>\n<\/p>\n<p>Para el lunes est\u00e1 previsto un nuevo encuentro dentro de la mesa de di\u00e1logo entre las delegaciones del Gobierno y de la oposici\u00f3n con miras a culminar la negociaci\u00f3n con un acuerdo definitivo, luego de que la semana pasada firmaran un acta con los avances del documento final.<\/p>\n<h6> 2018-02-03 15:10:42 <\/h6>\n<p><!--\n<link rel=\"stylesheet\" href=\"css\/bootstrap.min.css\">\n\n\n<ul class=\"pagination\">\n\t    \n\t\n\n<li >\n\t<a href='?page_no=6671'>Previous<\/a>\n\t<\/li>\n\n\n       \n    \n\n<li><a href='?page_no=1'>1<\/a><\/li>\n\n\n\n<li><a href='?page_no=2'>2<\/a><\/li>\n\n\n\n<li><a>...<\/a><\/li>\n\n\n\n<li><a href='?page_no=6670'>6670<\/a><\/li>\n\n\n\n<li><a href='?page_no=6671'>6671<\/a><\/li>\n\n\n\n<li class='active'><a>6672<\/a><\/li>\n\n\n\n<li><a href='?page_no=6673'>6673<\/a><\/li>\n\n\n\n<li><a href='?page_no=6674'>6674<\/a><\/li>\n\n\n\n<li><a>...<\/a><\/li>\n\n\n\n<li><a href='?page_no=36999'>36999<\/a><\/li>\n\n\n\n<li><a href='?page_no=37000'>37000<\/a><\/li>\n\n    \n\t\n\n<li >\n\t<a href='?page_no=6673'>Next<\/a>\n\t<\/li>\n\n\n    \n\n<li><a href='?page_no=37000'>Last &rsaquo;&rsaquo;<\/a><\/li>\n\n<\/ul>\n\n\n--><br \/>\n<\/body><\/p>\n","protected":false},"excerpt":{"rendered":"<p>Caracas, 3 feb (PL) El presidente de Venezuela, Nicol\u00e1s Maduro, pidi\u00f3 hoy al Consejo Electoral fijar la fecha de las elecciones presidenciales, las cuales fueron convocadas para antes del 30 de abril por la Asamblea Nacional Constituyente. Pido a ese \u00f3rgano fijar esta semana la fecha de los comicios presidenciales, subray\u00f3 el presidente en rueda [&hellip;]<\/p>\n","protected":false},"author":3,"featured_media":0,"comment_status":"open","ping_status":"open","sticky":false,"template":"","format":"standard","meta":{"footnotes":""},"categories":[22],"tags":[],"class_list":["post-171358","post","type-post","status-publish","format-standard","hentry","category-politica"],"_links":{"self":[{"href":"https:\/\/diariodominicano.com\/index.php?rest_route=\/wp\/v2\/posts\/171358","targetHints":{"allow":["GET"]}}],"collection":[{"href":"https:\/\/diariodominicano.com\/index.php?rest_route=\/wp\/v2\/posts"}],"about":[{"href":"https:\/\/diariodominicano.com\/index.php?rest_route=\/wp\/v2\/types\/post"}],"author":[{"embeddable":true,"href":"https:\/\/diariodominicano.com\/index.php?rest_route=\/wp\/v2\/users\/3"}],"replies":[{"embeddable":true,"href":"https:\/\/diariodominicano.com\/index.php?rest_route=%2Fwp%2Fv2%2Fcomments&post=171358"}],"version-history":[{"count":0,"href":"https:\/\/diariodominicano.com\/index.php?rest_route=\/wp\/v2\/posts\/171358\/revisions"}],"wp:attachment":[{"href":"https:\/\/diariodominicano.com\/index.php?rest_route=%2Fwp%2Fv2%2Fmedia&parent=171358"}],"wp:term":[{"taxonomy":"category","embeddable":true,"href":"https:\/\/diariodominicano.com\/index.php?rest_route=%2Fwp%2Fv2%2Fcategories&post=171358"},{"taxonomy":"post_tag","embeddable":true,"href":"https:\/\/diariodominicano.com\/index.php?rest_route=%2Fwp%2Fv2%2Ftags&post=171358"}],"curies":[{"name":"wp","href":"https:\/\/api.w.org\/{rel}","templated":true}]}}