{"id":171356,"date":"2018-02-04T08:11:52","date_gmt":"2018-02-04T08:11:52","guid":{"rendered":"http:\/\/diariodominicano.ddns.net\/?p=171356"},"modified":"2018-02-04T08:11:52","modified_gmt":"2018-02-04T08:11:52","slug":"secretario-general-del-pld-afirma-que-en-nada-contribuye-al-fortalecimiento-de-la-organizacion-los-cuestionamientos-publicos-recientes","status":"publish","type":"post","link":"https:\/\/diariodominicano.com\/?p=171356","title":{"rendered":"Secretario General del PLD afirma que en nada contribuye al fortalecimiento de la organizaci\u00f3n los cuestionamientos p\u00fablicos recientes"},"content":{"rendered":"<p><body><\/p>\n<p><img decoding=\"async\" src=\"img3\/Operativorpp1.jpg\" \/><br \/><img decoding=\"async\" src=\"img3\/operativoRPP.jpg\" \/>  <\/p>\n<p><strong><span class=\"text1noticias\"> <\/span><\/strong><\/p>\n<p><strong><span class=\"text1noticias\">SANTO DOMINGO, RD, 4 de febrero de 2018.<\/span><\/strong><span class=\"text1noticias\">&#8211; Reinaldo Pared P\u00e9rez, secretario general del Partido de la Liberaci\u00f3n Dominicana (PLD), cuestion\u00f3 recientes pronunciamientos de dirigentes de esa organizaci\u00f3n sobre la alegada irregularidad en las reuniones del Comit\u00e9 Pol\u00edtico y sus planteamientos reclamando renovaci\u00f3n de la dirigencia. A su juicio  en nada contribuyen al fortalecimiento del Partido.<\/span><\/p>\n<\/p>\n<p><span class=\"text1noticias\"> <\/span><\/p>\n<\/p>\n<p><span class=\"text1noticias\">Su aseveraci\u00f3n responde a la interrogante de los periodistas quienes acudieron este s\u00e1bado a la escuela Enrique Jim\u00e9nez Moya en el sector Mata Hambre de la Circunscripci\u00f3n Uno del Distrito Nacional a donde asisti\u00f3 en labor de supervisi\u00f3n del operativo odontol\u00f3gico que realiza dos veces al a\u00f1o la Oficina Senatorial del Distrito Nacional.<\/span><\/p>\n<\/p>\n<p><span class=\"text1noticias\"> <\/span><\/p>\n<\/p>\n<p><span class=\"text1noticias\">\u00bfEsos pronunciamientos, en qu\u00e9 contribuyen  a mejorar  la imagen del Partido de la Liberaci\u00f3n Dominicana? Se pregunt\u00f3 Pared P\u00e9rez precisando que hace falta mayor grado de prudencia para enfocar esa situaci\u00f3n en la opini\u00f3n p\u00fablica.<\/span><\/p>\n<\/p>\n<p><span class=\"text1noticias\"> <\/span><\/p>\n<\/p>\n<p><span class=\"text1noticias\">\u00abNo creo que ese tipo de declaraciones sean la mejor  salida  para conjurar alg\u00fan tipo de problema que pudiera tener el PLD\u00bb apunt\u00f3 el Secretario General pelede\u00edsta.<\/span><\/p>\n<\/p>\n<p><span class=\"text1noticias\"> <\/span><\/p>\n<\/p>\n<p><span class=\"text1noticias\">En su respuesta record\u00f3  el triunfo del Partido en seis  elecciones de manera consecutiva teniendo el actual equipo directivo en la coordinaci\u00f3n de los trabajos pol\u00edticos y electorales: \u00abEse tipo de declaraciones no creo  que beneficien al Partido de la Liberaci\u00f3n Dominicana\u00bb reiter\u00f3 Pared P\u00e9rez.<\/span><\/p>\n<\/p>\n<p><span class=\"text1noticias\"> <\/span><\/p>\n<\/p>\n<p><span class=\"text1noticias\">Sobre la petici\u00f3n de la renovaci\u00f3n de la dirigencia refiri\u00f3 el ingreso de una importante cantidad de j\u00f3venes que entraron  al Comit\u00e9 Central y otra parte importante resultaron autoridades electas en los comicios del 2016.<\/span><\/p>\n<\/p>\n<p><span class=\"text1noticias\"> <\/span><\/p>\n<\/p>\n<p><span class=\"text1noticias\">\u00abLo que ocurre es que las actuales autoridades del Partido, apelando a los mecanismos partidarios y los previstos por la Ley Electoral, fueron confirmadas\u00bb adujo citando un acuerdo del Comit\u00e9 Pol\u00edtico, ratificado por el Comit\u00e9 Central y refrendado por la Asamblea Nacional de Delegados.<\/span><\/p>\n<\/p>\n<p><span class=\"text1noticias\"> <\/span><\/p>\n<\/p>\n<p><span class=\"text1noticias\">Citando esos mecanismos Reinaldo Pared P\u00e9rez  afirm\u00f3 que no se le puede cuestionar la legitimidad de las autoridades que dirigen al Partido de la Liberaci\u00f3n Dominicana.<\/span><\/p>\n<\/p>\n<p><span class=\"text1noticias\"> <\/span><\/p>\n<\/p>\n<p><span class=\"text1noticias\">Reiter\u00f3 que oportunamente se informar\u00e1 de la reuni\u00f3n que tiene pendiente el Comit\u00e9 Pol\u00edtico de dicho Partido.     <\/span><\/p>\n<\/p>\n<p><span class=\"text1noticias\"> <\/span><\/p>\n<\/p>\n<p><span class=\"text1noticias\"> <strong>El presidente del Senado,  Reinaldo Pared P\u00e9rez, supervis\u00f3  el  operativo odontol\u00f3gico realizado este s\u00e1bado en a la escuela Enrique Jim\u00e9nez Moya en el sector Mata Hambre de la Circunscripci\u00f3n Uno del Distrito Nacional<\/strong><\/span><\/p>\n<p><strong> <\/strong><\/p>\n<p><strong><span class=\"text1noticias\"> <\/span><\/strong><\/p>\n<\/p>\n<p><span class=\"text1noticias\">Tenemos doce a\u00f1os  realizando  estos operativos en combinaci\u00f3n con los diputados,  para beneficiar a personas de escasos recursos, porque si hay un servicio m\u00e9dico que es un poco oneroso, es el odontol\u00f3gico y as\u00ed satisfacer la necesidad de muchas personas del Distrito Nacional, dijo  Reinaldo Pared, destacando la presencia de la diputada Miriam Cabral en labores de coordinaci\u00f3n de  dicho operativo,  de su esposa Ingrid Mendoza de Pared y otros dirigentes del PLD.<\/span><\/p>\n<\/p>\n<p><span class=\"text1noticias\"> <\/span><\/p>\n<\/p>\n<p><span class=\"text1noticias\">Dos veces al a\u00f1o se realizan las  jornadas m\u00e9dicas odontol\u00f3gicas  auspiciado por la Oficina Senatorial del Distrito Nacional en coordinaci\u00f3n con la Universidad de Utah, Estados Unidos con la participaci\u00f3n de odont\u00f3logos del pa\u00eds  con los que se ha logrado  beneficiar  miles de personas residentes en las zonas m\u00e1s vulnerables del Distrito Nacional. <strong>(Secretar\u00eda de Comunicaciones PLD)<\/strong><\/span><\/p>\n<\/p>\n<\/p>\n<h6> 2018-02-04 08:11:52 <\/h6>\n<p><!--\n<link rel=\"stylesheet\" href=\"css\/bootstrap.min.css\">\n\n\n<ul class=\"pagination\">\n\t    \n\t\n\n<li >\n\t<a href='?page_no=6669'>Previous<\/a>\n\t<\/li>\n\n\n       \n    \n\n<li><a href='?page_no=1'>1<\/a><\/li>\n\n\n\n<li><a href='?page_no=2'>2<\/a><\/li>\n\n\n\n<li><a>...<\/a><\/li>\n\n\n\n<li><a href='?page_no=6668'>6668<\/a><\/li>\n\n\n\n<li><a href='?page_no=6669'>6669<\/a><\/li>\n\n\n\n<li class='active'><a>6670<\/a><\/li>\n\n\n\n<li><a href='?page_no=6671'>6671<\/a><\/li>\n\n\n\n<li><a href='?page_no=6672'>6672<\/a><\/li>\n\n\n\n<li><a>...<\/a><\/li>\n\n\n\n<li><a href='?page_no=36999'>36999<\/a><\/li>\n\n\n\n<li><a href='?page_no=37000'>37000<\/a><\/li>\n\n    \n\t\n\n<li >\n\t<a href='?page_no=6671'>Next<\/a>\n\t<\/li>\n\n\n    \n\n<li><a href='?page_no=37000'>Last &rsaquo;&rsaquo;<\/a><\/li>\n\n<\/ul>\n\n\n--><br \/>\n<\/body><\/p>\n","protected":false},"excerpt":{"rendered":"<p>SANTO DOMINGO, RD, 4 de febrero de 2018.&#8211; Reinaldo Pared P\u00e9rez, secretario general del Partido de la Liberaci\u00f3n Dominicana (PLD), cuestion\u00f3 recientes pronunciamientos de dirigentes de esa organizaci\u00f3n sobre la alegada irregularidad en las reuniones del Comit\u00e9 Pol\u00edtico y sus planteamientos reclamando renovaci\u00f3n de la dirigencia. A su juicio en nada contribuyen al fortalecimiento del [&hellip;]<\/p>\n","protected":false},"author":3,"featured_media":0,"comment_status":"open","ping_status":"open","sticky":false,"template":"","format":"standard","meta":{"footnotes":""},"categories":[22],"tags":[],"class_list":["post-171356","post","type-post","status-publish","format-standard","hentry","category-politica"],"_links":{"self":[{"href":"https:\/\/diariodominicano.com\/index.php?rest_route=\/wp\/v2\/posts\/171356","targetHints":{"allow":["GET"]}}],"collection":[{"href":"https:\/\/diariodominicano.com\/index.php?rest_route=\/wp\/v2\/posts"}],"about":[{"href":"https:\/\/diariodominicano.com\/index.php?rest_route=\/wp\/v2\/types\/post"}],"author":[{"embeddable":true,"href":"https:\/\/diariodominicano.com\/index.php?rest_route=\/wp\/v2\/users\/3"}],"replies":[{"embeddable":true,"href":"https:\/\/diariodominicano.com\/index.php?rest_route=%2Fwp%2Fv2%2Fcomments&post=171356"}],"version-history":[{"count":0,"href":"https:\/\/diariodominicano.com\/index.php?rest_route=\/wp\/v2\/posts\/171356\/revisions"}],"wp:attachment":[{"href":"https:\/\/diariodominicano.com\/index.php?rest_route=%2Fwp%2Fv2%2Fmedia&parent=171356"}],"wp:term":[{"taxonomy":"category","embeddable":true,"href":"https:\/\/diariodominicano.com\/index.php?rest_route=%2Fwp%2Fv2%2Fcategories&post=171356"},{"taxonomy":"post_tag","embeddable":true,"href":"https:\/\/diariodominicano.com\/index.php?rest_route=%2Fwp%2Fv2%2Ftags&post=171356"}],"curies":[{"name":"wp","href":"https:\/\/api.w.org\/{rel}","templated":true}]}}