{"id":171354,"date":"2018-02-04T09:08:07","date_gmt":"2018-02-04T09:08:07","guid":{"rendered":"http:\/\/diariodominicano.ddns.net\/?p=171354"},"modified":"2018-02-04T09:08:07","modified_gmt":"2018-02-04T09:08:07","slug":"ecuador-define-en-consulta-cambios-relevantes-en-su-constitucion","status":"publish","type":"post","link":"https:\/\/diariodominicano.com\/?p=171354","title":{"rendered":"Ecuador define en consulta cambios relevantes en su Constituci\u00f3n"},"content":{"rendered":"<p><body><\/p>\n<p><strong>Quito, 4 feb (PL)<\/strong> M\u00e1s de 13 millones de personas ejercen su derecho al voto hoy en consulta popular y referendo, sobre temas cruciales para el futuro de Ecuador.<\/p>\n<\/p>\n<p>Siete preguntas, cinco en la modalidad de referendo y dos en consulta, forman parte de la papeleta, cuyas interrogantes elabor\u00f3 el ejecutivo, luego de analizar miles de sugerencias procedentes de organizaciones pol\u00edticas y sociales, directivos de diferentes comunidades y ciudades y pueblo, en general.<\/p>\n<\/p>\n<p>A continuaci\u00f3n Prensa Latina difunde el contenido de las interrogantes sobre las cuales los ecuatorianos deciden hoy.<\/p>\n<\/p>\n<p>Referendo: <\/p>\n<\/p>\n<p>\u00bfEst\u00e1 usted de acuerdo con que se enmiende la Constituci\u00f3n de la Rep\u00fablica del Ecuador, para que sancione a toda persona condenada por actos de corrupci\u00f3n con su inhabilidad para participar en la vida pol\u00edtica del pa\u00eds, y con la p\u00e9rdida de sus bienes? <\/p>\n<\/p>\n<p>Para garantizar el principio de alternabilidad, \u00bfest\u00e1 usted de acuerdo con enmendar la Constituci\u00f3n de la Rep\u00fablica del Ecuador para que todas las autoridades de elecci\u00f3n popular puedan ser reelectas por una sola vez para el mismo cargo, recuperando el mandato de la Constituci\u00f3n de Montecristi y dejando sin efecto la reelecci\u00f3n indefinida aprobada mediante enmienda por la Asamblea Nacional el 3 de diciembre de 2015? <\/p>\n<\/p>\n<p>\u00bfEst\u00e1 usted de acuerdo con enmendar la Constituci\u00f3n de la Rep\u00fablica del Ecuador para reestructurar al Consejo de Participaci\u00f3n Ciudadana y Control Social, as\u00ed como dar por terminado el periodo constitucional de sus actuales miembros, y que el Consejo que asuma transitoriamente sus funciones tenga potestad de evaluar el desempe\u00f1o de las autoridades cuya designaci\u00f3n le corresponde, pudiendo, de ser el caso, anticipar la terminaci\u00f3n de sus periodos? <\/p>\n<\/p>\n<p>\u00bfEst\u00e1 usted de acuerdo con enmendar la Constituci\u00f3n de la Rep\u00fablica del Ecuador para que nunca prescriban los delitos sexuales en contra de ni\u00f1as, ni\u00f1os y adolescentes? <\/p>\n<\/p>\n<p>\u00bfEst\u00e1 usted de acuerdo con enmendar la Constituci\u00f3n de la Rep\u00fablica del Ecuador para que se proh\u00edba sin excepci\u00f3n la miner\u00eda met\u00e1lica en todas sus etapas, en \u00e1reas protegidas, zonas intangibles y centros urbanos? <\/p>\n<\/p>\n<p>Consulta popular: <\/p>\n<\/p>\n<p>\u00bfEst\u00e1 usted de acuerdo con que se derogue la Ley org\u00e1nica para evitar la especulaci\u00f3n sobre el valor de las tierras y fijaci\u00f3n de tributos, conocida como &#8216;Ley de Plusval\u00eda&#8217;?.<\/p>\n<\/p>\n<p>\u00bfEst\u00e1 usted de acuerdo en incrementar la zona intangible en al menos 50 mil hect\u00e1reas y reducir el \u00e1rea de explotaci\u00f3n petrolera autorizada por la Asamblea Nacional en el Parque Nacional Yasun\u00ed de mil 30 hect\u00e1reas a 300 hect\u00e1reas? <\/p>\n<\/p>\n<p>mem\/scm<\/p>\n<h6> 2018-02-04 09:08:07 <\/h6>\n<p><!--\n<link rel=\"stylesheet\" href=\"css\/bootstrap.min.css\">\n\n\n<ul class=\"pagination\">\n\t    \n\t\n\n<li >\n\t<a href='?page_no=6668'>Previous<\/a>\n\t<\/li>\n\n\n       \n    \n\n<li><a href='?page_no=1'>1<\/a><\/li>\n\n\n\n<li><a href='?page_no=2'>2<\/a><\/li>\n\n\n\n<li><a>...<\/a><\/li>\n\n\n\n<li><a href='?page_no=6667'>6667<\/a><\/li>\n\n\n\n<li><a href='?page_no=6668'>6668<\/a><\/li>\n\n\n\n<li class='active'><a>6669<\/a><\/li>\n\n\n\n<li><a href='?page_no=6670'>6670<\/a><\/li>\n\n\n\n<li><a href='?page_no=6671'>6671<\/a><\/li>\n\n\n\n<li><a>...<\/a><\/li>\n\n\n\n<li><a href='?page_no=36999'>36999<\/a><\/li>\n\n\n\n<li><a href='?page_no=37000'>37000<\/a><\/li>\n\n    \n\t\n\n<li >\n\t<a href='?page_no=6670'>Next<\/a>\n\t<\/li>\n\n\n    \n\n<li><a href='?page_no=37000'>Last &rsaquo;&rsaquo;<\/a><\/li>\n\n<\/ul>\n\n\n--><br \/>\n<\/body><\/p>\n","protected":false},"excerpt":{"rendered":"<p>Quito, 4 feb (PL) M\u00e1s de 13 millones de personas ejercen su derecho al voto hoy en consulta popular y referendo, sobre temas cruciales para el futuro de Ecuador. Siete preguntas, cinco en la modalidad de referendo y dos en consulta, forman parte de la papeleta, cuyas interrogantes elabor\u00f3 el ejecutivo, luego de analizar miles [&hellip;]<\/p>\n","protected":false},"author":3,"featured_media":0,"comment_status":"open","ping_status":"open","sticky":false,"template":"","format":"standard","meta":{"footnotes":""},"categories":[22],"tags":[],"class_list":["post-171354","post","type-post","status-publish","format-standard","hentry","category-politica"],"_links":{"self":[{"href":"https:\/\/diariodominicano.com\/index.php?rest_route=\/wp\/v2\/posts\/171354","targetHints":{"allow":["GET"]}}],"collection":[{"href":"https:\/\/diariodominicano.com\/index.php?rest_route=\/wp\/v2\/posts"}],"about":[{"href":"https:\/\/diariodominicano.com\/index.php?rest_route=\/wp\/v2\/types\/post"}],"author":[{"embeddable":true,"href":"https:\/\/diariodominicano.com\/index.php?rest_route=\/wp\/v2\/users\/3"}],"replies":[{"embeddable":true,"href":"https:\/\/diariodominicano.com\/index.php?rest_route=%2Fwp%2Fv2%2Fcomments&post=171354"}],"version-history":[{"count":0,"href":"https:\/\/diariodominicano.com\/index.php?rest_route=\/wp\/v2\/posts\/171354\/revisions"}],"wp:attachment":[{"href":"https:\/\/diariodominicano.com\/index.php?rest_route=%2Fwp%2Fv2%2Fmedia&parent=171354"}],"wp:term":[{"taxonomy":"category","embeddable":true,"href":"https:\/\/diariodominicano.com\/index.php?rest_route=%2Fwp%2Fv2%2Fcategories&post=171354"},{"taxonomy":"post_tag","embeddable":true,"href":"https:\/\/diariodominicano.com\/index.php?rest_route=%2Fwp%2Fv2%2Ftags&post=171354"}],"curies":[{"name":"wp","href":"https:\/\/api.w.org\/{rel}","templated":true}]}}