{"id":171353,"date":"2018-02-04T09:31:54","date_gmt":"2018-02-04T09:31:54","guid":{"rendered":"http:\/\/diariodominicano.ddns.net\/?p=171353"},"modified":"2018-02-04T09:31:54","modified_gmt":"2018-02-04T09:31:54","slug":"presidente-tico-insta-a-compatriotas-a-votar-en-comicios-generales","status":"publish","type":"post","link":"https:\/\/diariodominicano.com\/?p=171353","title":{"rendered":"Presidente tico insta a compatriotas a votar en comicios generales"},"content":{"rendered":"<p><body><\/p>\n<p><strong>San Jos\u00e9, 4 feb (PL)<\/strong> El presidente de Costa Rica, Luis Guillermo Sol\u00eds, inst\u00f3 hoy a sus compatriotas a acudir a las urnas en los comicios generales de Costa Rica, y asegur\u00f3 que el principal problema a resolver es el elevado d\u00e9ficit fiscal.<\/p>\n<\/p>\n<p>En declaraciones a la prensa poco antes de ejercer su derecho al voto en el capitalino Colegio M\u00e9xico, Sol\u00eds convoc\u00f3 a los electores costarricenses a sufragar y precis\u00f3 que &#8216;sin dudas, hay que salir, hay que estar alegres en este momento&#8217; para vivir la fiesta c\u00edvica que constituye este proceso.<\/p>\n<\/p>\n<p>Esperemos que los compatriotas escojan un gobierno mejor que el m\u00edo, un presidente mejor que yo, pero para eso es necesario que salgamos a votar, apunt\u00f3 el mandatario tico, quien agradeci\u00f3 a las miles de personas que est\u00e1n trabajando para que el proceso electoral transcurra normalmente.<\/p>\n<\/p>\n<p>Interrogado sobre el principal reto del presidente que conducir\u00e1 el pa\u00eds entre mayo de 2018 y mayo de 2022, Sol\u00eds se\u00f1al\u00f3 que &#8216;tal y como lo he dicho durante tres a\u00f1os y medio sin parar, en todas partes, el d\u00e9ficit fiscal y la combinaci\u00f3n de \u00e9ste con la deuda&#8217;.<\/p>\n<\/p>\n<p>No he dejado de repetirlo, ahora pareciera que es cosa nueva, que se ha descubierto un fen\u00f3meno que nos afecta desde hace muchos a\u00f1os. Sigo insistiendo en ello, no hay un problema mayor en este momento que ese, reiter\u00f3 el presidente tico.<\/p>\n<\/p>\n<p>La probreza se est\u00e1 abatiendo gracias a los programas que el Gobierno ha puesto en funcionamiento, que era a mi juicio el otro gran problema que ten\u00edamos o que tenemos, porque todav\u00eda tenemos mucho por hacer, afirm\u00f3.<\/p>\n<\/p>\n<p>&#8216;Sin dudas es la agenda econ\u00f3mica es la que debemos continuar cuidando&#8217;, subray\u00f3 Sol\u00eds.<\/p>\n<\/p>\n<p>Poco m\u00e1s de tres millones 322 mil costarricenses est\u00e1n convocados a las urnas en los comicios generales de esta jornada, donde las seis mil 612 Juntas Receptoras de Votos abrieron a las 06:00 hora local y cerrar\u00e1n a las 18:00 hora local. Se espera que el Tribunal Supremo Electoral emita su primer resultado preliminar a las 20:00 hora local.<\/p>\n<\/p>\n<p>Un total de 13 candidatos se disputan la primera magistratura, pero las encuestas solo le dan a cinco la posibilidad de que alguno de ellos gane los comicios.<\/p>\n<\/p>\n<p>Sin embargo, esas mismas consultas reflejan que ninguno de esos cinco aspirantes llega a un 40 por ciento de la intenci\u00f3n de voto, por lo que se da casi por segura una segunda vuelta el 1 de abril entre los dos contendientes que obtengan la mayor cantidad de votos v\u00e1lidos.<\/p>\n<\/p>\n<p>Los candidatos con mayor respaldo en las consultas resultan, en ese orden, Fabricio Alvarado, del Partido Restauraci\u00f3n Nacional; Antonio \u00c1lvarez, del Partido Liberaci\u00f3n Nacional; Carlos Alvarado, del Partido Acci\u00f3n Ciudadana; Juan Diego Castro, del Partido Integraci\u00f3n Nacional; y Rodolfo Piza, del Partido Unidad Social Cristiana.<\/p>\n<\/p>\n<p>El alto n\u00famero de indecisos, el abstencionismoy la variaci\u00f3n del favoritismo electoral en los \u00faltimos meses mantiene abierta las posibilidades de todos los aspirantes.<\/p>\n<\/p>\n<p>mem\/ale<\/p>\n<h6> 2018-02-04 09:31:54 <\/h6>\n<p><!--\n<link rel=\"stylesheet\" href=\"css\/bootstrap.min.css\">\n\n\n<ul class=\"pagination\">\n\t    \n\t\n\n<li >\n\t<a href='?page_no=6667'>Previous<\/a>\n\t<\/li>\n\n\n       \n    \n\n<li><a href='?page_no=1'>1<\/a><\/li>\n\n\n\n<li><a href='?page_no=2'>2<\/a><\/li>\n\n\n\n<li><a>...<\/a><\/li>\n\n\n\n<li><a href='?page_no=6666'>6666<\/a><\/li>\n\n\n\n<li><a href='?page_no=6667'>6667<\/a><\/li>\n\n\n\n<li class='active'><a>6668<\/a><\/li>\n\n\n\n<li><a href='?page_no=6669'>6669<\/a><\/li>\n\n\n\n<li><a href='?page_no=6670'>6670<\/a><\/li>\n\n\n\n<li><a>...<\/a><\/li>\n\n\n\n<li><a href='?page_no=36999'>36999<\/a><\/li>\n\n\n\n<li><a href='?page_no=37000'>37000<\/a><\/li>\n\n    \n\t\n\n<li >\n\t<a href='?page_no=6669'>Next<\/a>\n\t<\/li>\n\n\n    \n\n<li><a href='?page_no=37000'>Last &rsaquo;&rsaquo;<\/a><\/li>\n\n<\/ul>\n\n\n--><br \/>\n<\/body><\/p>\n","protected":false},"excerpt":{"rendered":"<p>San Jos\u00e9, 4 feb (PL) El presidente de Costa Rica, Luis Guillermo Sol\u00eds, inst\u00f3 hoy a sus compatriotas a acudir a las urnas en los comicios generales de Costa Rica, y asegur\u00f3 que el principal problema a resolver es el elevado d\u00e9ficit fiscal. En declaraciones a la prensa poco antes de ejercer su derecho al [&hellip;]<\/p>\n","protected":false},"author":3,"featured_media":0,"comment_status":"open","ping_status":"open","sticky":false,"template":"","format":"standard","meta":{"footnotes":""},"categories":[22],"tags":[],"class_list":["post-171353","post","type-post","status-publish","format-standard","hentry","category-politica"],"_links":{"self":[{"href":"https:\/\/diariodominicano.com\/index.php?rest_route=\/wp\/v2\/posts\/171353","targetHints":{"allow":["GET"]}}],"collection":[{"href":"https:\/\/diariodominicano.com\/index.php?rest_route=\/wp\/v2\/posts"}],"about":[{"href":"https:\/\/diariodominicano.com\/index.php?rest_route=\/wp\/v2\/types\/post"}],"author":[{"embeddable":true,"href":"https:\/\/diariodominicano.com\/index.php?rest_route=\/wp\/v2\/users\/3"}],"replies":[{"embeddable":true,"href":"https:\/\/diariodominicano.com\/index.php?rest_route=%2Fwp%2Fv2%2Fcomments&post=171353"}],"version-history":[{"count":0,"href":"https:\/\/diariodominicano.com\/index.php?rest_route=\/wp\/v2\/posts\/171353\/revisions"}],"wp:attachment":[{"href":"https:\/\/diariodominicano.com\/index.php?rest_route=%2Fwp%2Fv2%2Fmedia&parent=171353"}],"wp:term":[{"taxonomy":"category","embeddable":true,"href":"https:\/\/diariodominicano.com\/index.php?rest_route=%2Fwp%2Fv2%2Fcategories&post=171353"},{"taxonomy":"post_tag","embeddable":true,"href":"https:\/\/diariodominicano.com\/index.php?rest_route=%2Fwp%2Fv2%2Ftags&post=171353"}],"curies":[{"name":"wp","href":"https:\/\/api.w.org\/{rel}","templated":true}]}}