{"id":171352,"date":"2018-02-04T09:37:03","date_gmt":"2018-02-04T09:37:03","guid":{"rendered":"http:\/\/diariodominicano.ddns.net\/?p=171352"},"modified":"2018-02-04T09:37:03","modified_gmt":"2018-02-04T09:37:03","slug":"comienza-jornada-de-consulta-popular-y-referendo-en-ecuador","status":"publish","type":"post","link":"https:\/\/diariodominicano.com\/?p=171352","title":{"rendered":"Comienza jornada de consulta popular y referendo en Ecuador"},"content":{"rendered":"<p><body><\/p>\n<p><img decoding=\"async\" src=\"img3\/sur-inauguracion-consulta1-.jpg\" \/><br \/><img decoding=\"async\" src=\"img3\/sur-inauguracion-consulta1.jpg\" \/><br \/><img decoding=\"async\" src=\"img3\/sur-inauguracion-consulta2.jpg\" \/>  <\/p>\n<p><strong> Quito, 4 feb (PL) <\/strong>La vicemandataria de Ecuador, Mar\u00eda Alejandr\u00e1 Vicu\u00f1a, y la presidenta del Consejo Nacional Electoral (CNE), Nubia Villac\u00eds, inauguraron en la ma\u00f1ana de hoy, la jornada de consulta popular y referendo, que se desarrollar\u00e1 en todo el pa\u00eds.<\/p>\n<\/p>\n<p>La sede del CNE, en el norte de Quito, fue el espacio desde el cual las autoridades convocaron llamaron a los 13 millones 26 mil 598 ciudadanos empadronados, a acudir a las urnas para pronunciarse sobre temas que resultan importantes para el futuro de este territorio sudamericano.<\/p>\n<\/p>\n<p>&#8216;Ecuador es un pa\u00eds peque\u00f1ito, pero una gran naci\u00f3n, donde nuestras infelicidades confluyen en el inmenso orgullo de ser ecuatorianos. El mensaje a nuestros mandantes, al pueblo soberano, en nombre y representaci\u00f3n del gobierno de todos, no puede ser otro que la invitaci\u00f3n fraterna y cordial y el llamado a que todos vayamos a ejercer el derecho al sufragio&#8217;, afirm\u00f3.<\/p>\n<\/p>\n<p>Asimismo, insisti\u00f3 en que lo fundamental es decidir mediante el sufragio, en pos de los m\u00e1s altos intereses de la patria.<\/p>\n<\/p>\n<p>Por su parte, la presidenta del CNE precis\u00f3 que esta es la consulta popular n\u00famero 12 desarrollada en Ecuador desde 1869 y ofreci\u00f3 detalles sobre el proceso electoral.<\/p>\n<\/p>\n<p>Villac\u00eds enfatiz\u00f3 en que son 40 organizaciones inscritas para participar en el proceso, 16 de ellas pol\u00edticas y 24 de la sociedad civil, en ese \u00faltimo caso, &#8216;la m\u00e1s alta intervenci\u00f3n social registrada en elecciones&#8217;.<\/p>\n<\/p>\n<p>&#8216;Vamos a tener una jornada de 10 horas para que los ecuatorianos puedan ejercer su derecho al voto, medio para salvaguardar la diversidad y hacer vivir los unos a los otros en una sociedad que debe funcionar como una unidad&#8217;, subray\u00f3.<\/p>\n<\/p>\n<p>En el acto de inauguraci\u00f3n estuvieron presentes autoridades de Quito, de las Fuerzas Armadas, Polic\u00eda Nacional, representantes de organizaciones pol\u00edticas y sociales, as\u00ed como embajadores acreditados en este pa\u00eds.<\/p>\n<\/p>\n<p>Las urnas abrieron a las 07:00 (hora local) en mil 566 colegios electorales y cerrar\u00e1n a las 17:00 en todo el territorio nacional, mientras que se esperan los primeros resultados a las 20:00.<\/p>\n<\/p>\n<p>Los electores opinar\u00e1n sobre eliminar la posibilidad de reelecci\u00f3n indefinida, cesar y reemplazar al actual Consejo de Participaci\u00f3n Ciudadana y Control Social y derogar la llamada Ley de Plusval\u00eda, las interrogantes m\u00e1s pol\u00e9micas de la consulta y referendo.<\/p>\n<\/p>\n<p>El resto de las preguntas est\u00e1n relacionadas con prohibir la miner\u00eda met\u00e1lica en \u00e1reas protegidas, zonas intangibles y centros urbanos, reducir el \u00e1rea de explotaci\u00f3n petrolera en el Parque Nacional Yasun\u00ed, reforzar sanciones contra funcionarios p\u00fablicos responsables de corrupci\u00f3n y evitar que prescriban delitos sexuales contra menores.<\/p>\n<\/p>\n<p>Acompa\u00f1an el proceso en toda la naci\u00f3n m\u00e1s de un centenar de observadores internacionales de la Organizaci\u00f3n de Estados Americanos, la Uni\u00f3n Interamericana de Organismos Electorales, la Asociaci\u00f3n Mundial de Organismos Electorales y la Uni\u00f3n de Naciones Suramericanas.<\/p>\n<\/p>\n<p>mem\/scm<\/p>\n<\/p>\n<h6> 2018-02-04 09:37:03 <\/h6>\n<p><!--\n<link rel=\"stylesheet\" href=\"css\/bootstrap.min.css\">\n\n\n<ul class=\"pagination\">\n\t    \n\t\n\n<li >\n\t<a href='?page_no=6666'>Previous<\/a>\n\t<\/li>\n\n\n       \n    \n\n<li><a href='?page_no=1'>1<\/a><\/li>\n\n\n\n<li><a href='?page_no=2'>2<\/a><\/li>\n\n\n\n<li><a>...<\/a><\/li>\n\n\n\n<li><a href='?page_no=6665'>6665<\/a><\/li>\n\n\n\n<li><a href='?page_no=6666'>6666<\/a><\/li>\n\n\n\n<li class='active'><a>6667<\/a><\/li>\n\n\n\n<li><a href='?page_no=6668'>6668<\/a><\/li>\n\n\n\n<li><a href='?page_no=6669'>6669<\/a><\/li>\n\n\n\n<li><a>...<\/a><\/li>\n\n\n\n<li><a href='?page_no=36999'>36999<\/a><\/li>\n\n\n\n<li><a href='?page_no=37000'>37000<\/a><\/li>\n\n    \n\t\n\n<li >\n\t<a href='?page_no=6668'>Next<\/a>\n\t<\/li>\n\n\n    \n\n<li><a href='?page_no=37000'>Last &rsaquo;&rsaquo;<\/a><\/li>\n\n<\/ul>\n\n\n--><br \/>\n<\/body><\/p>\n","protected":false},"excerpt":{"rendered":"<p>Quito, 4 feb (PL) La vicemandataria de Ecuador, Mar\u00eda Alejandr\u00e1 Vicu\u00f1a, y la presidenta del Consejo Nacional Electoral (CNE), Nubia Villac\u00eds, inauguraron en la ma\u00f1ana de hoy, la jornada de consulta popular y referendo, que se desarrollar\u00e1 en todo el pa\u00eds. La sede del CNE, en el norte de Quito, fue el espacio desde el [&hellip;]<\/p>\n","protected":false},"author":3,"featured_media":0,"comment_status":"open","ping_status":"open","sticky":false,"template":"","format":"standard","meta":{"footnotes":""},"categories":[22],"tags":[],"class_list":["post-171352","post","type-post","status-publish","format-standard","hentry","category-politica"],"_links":{"self":[{"href":"https:\/\/diariodominicano.com\/index.php?rest_route=\/wp\/v2\/posts\/171352","targetHints":{"allow":["GET"]}}],"collection":[{"href":"https:\/\/diariodominicano.com\/index.php?rest_route=\/wp\/v2\/posts"}],"about":[{"href":"https:\/\/diariodominicano.com\/index.php?rest_route=\/wp\/v2\/types\/post"}],"author":[{"embeddable":true,"href":"https:\/\/diariodominicano.com\/index.php?rest_route=\/wp\/v2\/users\/3"}],"replies":[{"embeddable":true,"href":"https:\/\/diariodominicano.com\/index.php?rest_route=%2Fwp%2Fv2%2Fcomments&post=171352"}],"version-history":[{"count":0,"href":"https:\/\/diariodominicano.com\/index.php?rest_route=\/wp\/v2\/posts\/171352\/revisions"}],"wp:attachment":[{"href":"https:\/\/diariodominicano.com\/index.php?rest_route=%2Fwp%2Fv2%2Fmedia&parent=171352"}],"wp:term":[{"taxonomy":"category","embeddable":true,"href":"https:\/\/diariodominicano.com\/index.php?rest_route=%2Fwp%2Fv2%2Fcategories&post=171352"},{"taxonomy":"post_tag","embeddable":true,"href":"https:\/\/diariodominicano.com\/index.php?rest_route=%2Fwp%2Fv2%2Ftags&post=171352"}],"curies":[{"name":"wp","href":"https:\/\/api.w.org\/{rel}","templated":true}]}}