{"id":171351,"date":"2018-02-04T19:56:45","date_gmt":"2018-02-04T19:56:45","guid":{"rendered":"http:\/\/diariodominicano.ddns.net\/?p=171351"},"modified":"2018-02-04T19:56:45","modified_gmt":"2018-02-04T19:56:45","slug":"se-reunira-este-lunes-el-comite-politico-pld","status":"publish","type":"post","link":"https:\/\/diariodominicano.com\/?p=171351","title":{"rendered":"Se reunir\u00e1 este lunes el Comit\u00e9 Pol\u00edtico PLD"},"content":{"rendered":"<p><body><\/p>\n<p><img decoding=\"async\" src=\"img3\/ParedPLD.jpg\" \/>  <\/p>\n<p><span class=\"text1noticias\">Santo Domingo, R. D., 4 de febrero, 2018.- Los miembros del Comit\u00e9 Pol\u00edtico del Partido de la Liberaci\u00f3n Dominicana est\u00e1n siendo convocados a reuni\u00f3n ordinaria para este lunes 5 de febrero a partir de las siete de la noche en el sal\u00f3n Profesor Juan Bosch, ubicado en la Oficina Presidencial del PLD en la  Zona Universitaria del Distrito Nacional.<\/span><\/p>\n<p><span class=\"text1noticias\"> <\/span><\/p>\n<p><span class=\"text1noticias\">Un despacho de la Secretar\u00eda de Comunicaciones peledeista  divulga la informaci\u00f3n de Reinaldo Pared P\u00e9rez, secretario general, quien confirm\u00f3 la convocatoria de los integrantes de dicho organismo para la noche del lunes.<\/span><\/p>\n<p><span class=\"text1noticias\"> <\/span><\/p>\n<p><span class=\"text1noticias\">Desde este mediod\u00eda el cuerpo de asistentes de la Secretar\u00eda General procede a convocar a los 35 miembros del organismo ejecutivo pol\u00edtico del Comit\u00e9 Central por las diferentes v\u00edas comunicativas  para sostener la esperada reuni\u00f3n.<\/span><\/p>\n<p><span class=\"text1noticias\"> <\/span><\/p>\n<p><span class=\"text1noticias\">Justo en horas de la ma\u00f1ana de este d\u00eda domingo Reinaldo Pared P\u00e9rez al supervisar el operativo odontol\u00f3gico que auspicia la Oficina Senatorial de la capital con profesionales de la salud de la universidad de Utah. Estados Unidos y odont\u00f3logos locales,  informaba que oportunamente  ese organismo se reunir\u00eda.<\/span><\/p>\n<p><span class=\"text1noticias\"> <\/span><\/p>\n<p><span class=\"text1noticias\">\u00abSe reunir\u00e1 oportunamente. No se preocupen por ello\u00bb declar\u00f3 Reinaldo Pared P\u00e9rez, respondiendo las inquietudes de los periodistas que le abordaron en la escuela Republica Dominicana en Villa Juana en la Circunscripci\u00f3n Tres del Distrito Nacional en donde se realizaba el operativo de salud.<\/span><\/p>\n<p><span class=\"text1noticias\"> <\/span><\/p>\n<p><span class=\"text1noticias\">Sobre el retraso en las reuniones del Comit\u00e9 Pol\u00edtico destac\u00f3 que ello no es motivo de preocupaci\u00f3n en raz\u00f3n de la madurez y experiencia de la dirigencia de esa organizaci\u00f3n.<\/span><\/p>\n<p><span class=\"text1noticias\"> <\/span><\/p>\n<p><span class=\"text1noticias\">\u00abEl PLD es un Partido adulto, experimentado y como consecuencia ha sido una organizaci\u00f3n exitosa. A mi eso no me preocupa, el Partido de la Liberaci\u00f3n Dominicana siempre ha arreglado la carga en la marcha\u00bb respondi\u00f3 Pared P\u00e9rez recurriendo a una expresi\u00f3n popular.<\/span><\/p>\n<p><span class=\"text1noticias\"> <\/span><\/p>\n<p><span class=\"text1noticias\">El despacho period\u00edstico reitera que a convocatoria a los miembros del Comit\u00e9 Pol\u00edtico es para las siete horas de la noche en la Oficina Presidencial del PLD.<\/span><\/p>\n<p><span class=\"text1noticias\"> <\/span><\/p>\n<p><span class=\"text1noticias\">Fuente: SECRETARIA COMUNICACIONES<\/span><\/p>\n<p><span class=\"text1noticias\"> <\/span><\/p>\n<p><span class=\"text1noticias\">4 <\/span>FEBRERO 2018<\/p>\n<h6> 2018-02-04 19:56:45 <\/h6>\n<p><!--\n<link rel=\"stylesheet\" href=\"css\/bootstrap.min.css\">\n\n\n<ul class=\"pagination\">\n\t    \n\t\n\n<li >\n\t<a href='?page_no=6665'>Previous<\/a>\n\t<\/li>\n\n\n       \n    \n\n<li><a href='?page_no=1'>1<\/a><\/li>\n\n\n\n<li><a href='?page_no=2'>2<\/a><\/li>\n\n\n\n<li><a>...<\/a><\/li>\n\n\n\n<li><a href='?page_no=6664'>6664<\/a><\/li>\n\n\n\n<li><a href='?page_no=6665'>6665<\/a><\/li>\n\n\n\n<li class='active'><a>6666<\/a><\/li>\n\n\n\n<li><a href='?page_no=6667'>6667<\/a><\/li>\n\n\n\n<li><a href='?page_no=6668'>6668<\/a><\/li>\n\n\n\n<li><a>...<\/a><\/li>\n\n\n\n<li><a href='?page_no=36999'>36999<\/a><\/li>\n\n\n\n<li><a href='?page_no=37000'>37000<\/a><\/li>\n\n    \n\t\n\n<li >\n\t<a href='?page_no=6667'>Next<\/a>\n\t<\/li>\n\n\n    \n\n<li><a href='?page_no=37000'>Last &rsaquo;&rsaquo;<\/a><\/li>\n\n<\/ul>\n\n\n--><br \/>\n<\/body><\/p>\n","protected":false},"excerpt":{"rendered":"<p>Santo Domingo, R. D., 4 de febrero, 2018.- Los miembros del Comit\u00e9 Pol\u00edtico del Partido de la Liberaci\u00f3n Dominicana est\u00e1n siendo convocados a reuni\u00f3n ordinaria para este lunes 5 de febrero a partir de las siete de la noche en el sal\u00f3n Profesor Juan Bosch, ubicado en la Oficina Presidencial del PLD en la Zona [&hellip;]<\/p>\n","protected":false},"author":3,"featured_media":0,"comment_status":"open","ping_status":"open","sticky":false,"template":"","format":"standard","meta":{"footnotes":""},"categories":[22],"tags":[],"class_list":["post-171351","post","type-post","status-publish","format-standard","hentry","category-politica"],"_links":{"self":[{"href":"https:\/\/diariodominicano.com\/index.php?rest_route=\/wp\/v2\/posts\/171351","targetHints":{"allow":["GET"]}}],"collection":[{"href":"https:\/\/diariodominicano.com\/index.php?rest_route=\/wp\/v2\/posts"}],"about":[{"href":"https:\/\/diariodominicano.com\/index.php?rest_route=\/wp\/v2\/types\/post"}],"author":[{"embeddable":true,"href":"https:\/\/diariodominicano.com\/index.php?rest_route=\/wp\/v2\/users\/3"}],"replies":[{"embeddable":true,"href":"https:\/\/diariodominicano.com\/index.php?rest_route=%2Fwp%2Fv2%2Fcomments&post=171351"}],"version-history":[{"count":0,"href":"https:\/\/diariodominicano.com\/index.php?rest_route=\/wp\/v2\/posts\/171351\/revisions"}],"wp:attachment":[{"href":"https:\/\/diariodominicano.com\/index.php?rest_route=%2Fwp%2Fv2%2Fmedia&parent=171351"}],"wp:term":[{"taxonomy":"category","embeddable":true,"href":"https:\/\/diariodominicano.com\/index.php?rest_route=%2Fwp%2Fv2%2Fcategories&post=171351"},{"taxonomy":"post_tag","embeddable":true,"href":"https:\/\/diariodominicano.com\/index.php?rest_route=%2Fwp%2Fv2%2Ftags&post=171351"}],"curies":[{"name":"wp","href":"https:\/\/api.w.org\/{rel}","templated":true}]}}